{"id":93694,"date":"2019-05-02T11:31:33","date_gmt":"2019-05-02T14:31:33","guid":{"rendered":"http:\/\/www.caririemacao.com\/1\/?p=93694"},"modified":"2019-05-02T11:31:33","modified_gmt":"2019-05-02T14:31:33","slug":"republica-democratica-do-congo-ja-registra-quase-mil-mortes-por-ebola","status":"publish","type":"post","link":"https:\/\/www.caririemacao.com\/1\/2019\/05\/02\/republica-democratica-do-congo-ja-registra-quase-mil-mortes-por-ebola\/","title":{"rendered":"Rep\u00fablica Democr\u00e1tica do Congo j\u00e1 registra quase mil mortes por ebola"},"content":{"rendered":"\n<p>surto de ebola em duas prov\u00edncias no Nordeste da Rep\u00fablica Democr\u00e1tica do Congo (RDC) j\u00e1 causou&nbsp;970 mortes em aproximadamente 1.500 infec\u00e7\u00f5es registradas, segundo dados divulgados nessa quarta-feira (1\u00ba) pelo Minist\u00e9rio da Sa\u00fade do pa\u00eds africano.<\/p>\n\n\n\n<p>O n\u00famero de mortos pelo v\u00edrus ebola \u2013 que afeta desde 1\u00ba de agosto de 2018 as prov\u00edncias de Kivu do Norte e Ituri \u2013 passou de 630 para 970 pessoas em pouco menos de um m\u00eas: um aumento de mais de 50%.<\/p>\n\n\n\n<p>Os casos de ebola e de mortes em comunidades, ou seja, que ocorreram fora de um centro de tratamento, dispararam \u2013 somente na semana passada foram registrados 126 casos. O \u00e1pice foi registrado no domingo, com 27&nbsp;casos notificados apenas naquele dia.<\/p>\n\n\n\n<p>O controle desse surto, o maior e mais letal na hist\u00f3ria da Rep\u00fablica Democr\u00e1tica do Congo, tem sido dificultado pela recusa de algumas comunidades em receber tratamento e devido \u00e0 inseguran\u00e7a na regi\u00e3o atingida, onde operam numerosos grupos armados.<\/p>\n\n\n\n<p>A Organiza\u00e7\u00e3o Mundial da Sa\u00fade (OMS) e institui\u00e7\u00f5es como M\u00e9dicos Sem Fronteiras (MSF) foram for\u00e7adas a paralisar algumas de suas atividades em \u00e1reas como Butembo \u2013 um dos principais pontos ativos do v\u00edrus \u2013 devido a ataques a seus centros.<br><br>No mais grave desses ataques&nbsp;morreu o epidemiologista congol\u00eas Richard Mouzoko, que havia sido enviado pela OMS para Butembo para ajudar a controlar a atual epidemia de ebola.<br><br>A Rep\u00fablica Democr\u00e1tica do Congo foi atingida nove vezes pelo v\u00edrus ebola \u2013 a primeira manifesta\u00e7\u00e3o foi em 1976.<\/p>\n","protected":false},"excerpt":{"rendered":"<p>surto de ebola em duas prov\u00edncias no Nordeste da Rep\u00fablica Democr\u00e1tica do Congo (RDC) j\u00e1 causou&nbsp;970 mortes em aproximadamente 1.500 infec\u00e7\u00f5es registradas, segundo dados divulgados&hellip; <\/p>\n","protected":false},"author":1,"featured_media":93695,"comment_status":"closed","ping_status":"closed","sticky":false,"template":"","format":"standard","meta":{"sfsi_plus_gutenberg_text_before_share":"","sfsi_plus_gutenberg_show_text_before_share":"","sfsi_plus_gutenberg_icon_type":"","sfsi_plus_gutenberg_icon_alignemt":"","sfsi_plus_gutenburg_max_per_row":"","footnotes":""},"categories":[2],"tags":[],"class_list":["post-93694","post","type-post","status-publish","format-standard","has-post-thumbnail","hentry","category-geral"],"_links":{"self":[{"href":"https:\/\/www.caririemacao.com\/1\/wp-json\/wp\/v2\/posts\/93694","targetHints":{"allow":["GET"]}}],"collection":[{"href":"https:\/\/www.caririemacao.com\/1\/wp-json\/wp\/v2\/posts"}],"about":[{"href":"https:\/\/www.caririemacao.com\/1\/wp-json\/wp\/v2\/types\/post"}],"author":[{"embeddable":true,"href":"https:\/\/www.caririemacao.com\/1\/wp-json\/wp\/v2\/users\/1"}],"replies":[{"embeddable":true,"href":"https:\/\/www.caririemacao.com\/1\/wp-json\/wp\/v2\/comments?post=93694"}],"version-history":[{"count":1,"href":"https:\/\/www.caririemacao.com\/1\/wp-json\/wp\/v2\/posts\/93694\/revisions"}],"predecessor-version":[{"id":93696,"href":"https:\/\/www.caririemacao.com\/1\/wp-json\/wp\/v2\/posts\/93694\/revisions\/93696"}],"wp:featuredmedia":[{"embeddable":true,"href":"https:\/\/www.caririemacao.com\/1\/wp-json\/wp\/v2\/media\/93695"}],"wp:attachment":[{"href":"https:\/\/www.caririemacao.com\/1\/wp-json\/wp\/v2\/media?parent=93694"}],"wp:term":[{"taxonomy":"category","embeddable":true,"href":"https:\/\/www.caririemacao.com\/1\/wp-json\/wp\/v2\/categories?post=93694"},{"taxonomy":"post_tag","embeddable":true,"href":"https:\/\/www.caririemacao.com\/1\/wp-json\/wp\/v2\/tags?post=93694"}],"curies":[{"name":"wp","href":"https:\/\/api.w.org\/{rel}","templated":true}]}}