{"id":93698,"date":"2019-05-02T11:52:16","date_gmt":"2019-05-02T14:52:16","guid":{"rendered":"http:\/\/www.caririemacao.com\/1\/?p=93698"},"modified":"2019-05-02T11:52:16","modified_gmt":"2019-05-02T14:52:16","slug":"recem-nascida-e-encontrada-morta-em-caixa-de-sapato-no-lixao-em-monteiro","status":"publish","type":"post","link":"https:\/\/www.caririemacao.com\/1\/2019\/05\/02\/recem-nascida-e-encontrada-morta-em-caixa-de-sapato-no-lixao-em-monteiro\/","title":{"rendered":"Rec\u00e9m-nascida \u00e9 encontrada morta em caixa de sapato no lix\u00e3o em Monteiro"},"content":{"rendered":"\n<p>Uma crian\u00e7a rec\u00e9m-nascida foi encontrada morta em uma caixa de sapato no lix\u00e3o de Monteiro no Cariri Paraibano.<\/p>\n\n\n\n<p>De acordo com informa\u00e7\u00f5es, a crian\u00e7a foi encontrada, pelos garis que realizam a coleta de lixo do munic\u00edpio quando realizavam a sele\u00e7\u00e3o dos produtos recicl\u00e1veis.<\/p>\n\n\n\n<p>Uma Unidade do Servi\u00e7o de Atendimento M\u00f3vel o Samu foi acionada, mas constatou que a crian\u00e7a j\u00e1 estava sem vida.<\/p>\n\n\n\n<p>OPIPOCO<\/p>\n","protected":false},"excerpt":{"rendered":"<p>Uma crian\u00e7a rec\u00e9m-nascida foi encontrada morta em uma caixa de sapato no lix\u00e3o de Monteiro no Cariri Paraibano. De acordo com informa\u00e7\u00f5es, a crian\u00e7a foi&hellip; <\/p>\n","protected":false},"author":1,"featured_media":93699,"comment_status":"closed","ping_status":"closed","sticky":false,"template":"","format":"standard","meta":{"sfsi_plus_gutenberg_text_before_share":"","sfsi_plus_gutenberg_show_text_before_share":"","sfsi_plus_gutenberg_icon_type":"","sfsi_plus_gutenberg_icon_alignemt":"","sfsi_plus_gutenburg_max_per_row":"","footnotes":""},"categories":[50,12],"tags":[],"class_list":["post-93698","post","type-post","status-publish","format-standard","has-post-thumbnail","hentry","category-destaque","category-policia"],"_links":{"self":[{"href":"https:\/\/www.caririemacao.com\/1\/wp-json\/wp\/v2\/posts\/93698","targetHints":{"allow":["GET"]}}],"collection":[{"href":"https:\/\/www.caririemacao.com\/1\/wp-json\/wp\/v2\/posts"}],"about":[{"href":"https:\/\/www.caririemacao.com\/1\/wp-json\/wp\/v2\/types\/post"}],"author":[{"embeddable":true,"href":"https:\/\/www.caririemacao.com\/1\/wp-json\/wp\/v2\/users\/1"}],"replies":[{"embeddable":true,"href":"https:\/\/www.caririemacao.com\/1\/wp-json\/wp\/v2\/comments?post=93698"}],"version-history":[{"count":1,"href":"https:\/\/www.caririemacao.com\/1\/wp-json\/wp\/v2\/posts\/93698\/revisions"}],"predecessor-version":[{"id":93700,"href":"https:\/\/www.caririemacao.com\/1\/wp-json\/wp\/v2\/posts\/93698\/revisions\/93700"}],"wp:featuredmedia":[{"embeddable":true,"href":"https:\/\/www.caririemacao.com\/1\/wp-json\/wp\/v2\/media\/93699"}],"wp:attachment":[{"href":"https:\/\/www.caririemacao.com\/1\/wp-json\/wp\/v2\/media?parent=93698"}],"wp:term":[{"taxonomy":"category","embeddable":true,"href":"https:\/\/www.caririemacao.com\/1\/wp-json\/wp\/v2\/categories?post=93698"},{"taxonomy":"post_tag","embeddable":true,"href":"https:\/\/www.caririemacao.com\/1\/wp-json\/wp\/v2\/tags?post=93698"}],"curies":[{"name":"wp","href":"https:\/\/api.w.org\/{rel}","templated":true}]}}