{"id":93707,"date":"2019-05-02T12:26:44","date_gmt":"2019-05-02T15:26:44","guid":{"rendered":"http:\/\/www.caririemacao.com\/1\/?p=93707"},"modified":"2019-05-02T12:26:44","modified_gmt":"2019-05-02T15:26:44","slug":"sume-sedia-neste-sabado-plenaria-do-orcamento-democratico-do-cariri","status":"publish","type":"post","link":"https:\/\/www.caririemacao.com\/1\/2019\/05\/02\/sume-sedia-neste-sabado-plenaria-do-orcamento-democratico-do-cariri\/","title":{"rendered":"Sum\u00e9 sedia neste s\u00e1bado Plen\u00e1ria do Or\u00e7amento Democr\u00e1tico do Cariri"},"content":{"rendered":"\n<p>A audi\u00eancia do Or\u00e7amento Democr\u00e1tico Estadual da regi\u00e3o do Cariri paraibano acontecer\u00e1 neste s\u00e1bado (4), na cidade de Sum\u00e9. O evento est\u00e1 marcado para come\u00e7ar as 16h, no Gin\u00e1sio da E. C. I. Professor Jos\u00e9 Gon\u00e7alves de Queiroz.<\/p>\n\n\n\n<p>O governador Jo\u00e3o Azev\u00eado, juntamente com auxiliares do governo estar\u00e3o presentes para ouvir as demandas da regi\u00e3o, e tamb\u00e9m entregar a\u00e7\u00f5es do Governo do Estado, a exemplo de ordem de servi\u00e7o para obras e cr\u00e9ditos do Empreender-PB.<\/p>\n\n\n\n<p>Os gestores caririzeiros j\u00e1 realizaram as audi\u00eancias de OD municipais e elegeram juntamente com a popula\u00e7\u00e3o, as demandas de cada munic\u00edpio que ser\u00e3o levadas e apresentadas ao Governador Jo\u00e3o Azev\u00eado.<\/p>\n\n\n\n<p>No pr\u00f3ximo ano, a plen\u00e1ria do ODE regional voltar\u00e1 a acontecer na cidade de Monteiro. E em 2021, a cidade de Serra Branca sediar\u00e1 a plen\u00e1ria estadual.<\/p>\n\n\n\n<p>As audi\u00eancias tamb\u00e9m podem ser acompanhadas pela popula\u00e7\u00e3o atrav\u00e9s da transmiss\u00e3o ao vivo pela internet, no site www.paraiba.pb.gov.br\/aovivo.<\/p>\n\n\n\n<p><strong>De Olho no Cariri<\/strong><\/p>\n","protected":false},"excerpt":{"rendered":"<p>A audi\u00eancia do Or\u00e7amento Democr\u00e1tico Estadual da regi\u00e3o do Cariri paraibano acontecer\u00e1 neste s\u00e1bado (4), na cidade de Sum\u00e9. O evento est\u00e1 marcado para come\u00e7ar&hellip; <\/p>\n","protected":false},"author":1,"featured_media":93708,"comment_status":"closed","ping_status":"closed","sticky":false,"template":"","format":"standard","meta":{"sfsi_plus_gutenberg_text_before_share":"","sfsi_plus_gutenberg_show_text_before_share":"","sfsi_plus_gutenberg_icon_type":"","sfsi_plus_gutenberg_icon_alignemt":"","sfsi_plus_gutenburg_max_per_row":"","footnotes":""},"categories":[6,50],"tags":[],"class_list":["post-93707","post","type-post","status-publish","format-standard","has-post-thumbnail","hentry","category-cidades","category-destaque"],"_links":{"self":[{"href":"https:\/\/www.caririemacao.com\/1\/wp-json\/wp\/v2\/posts\/93707","targetHints":{"allow":["GET"]}}],"collection":[{"href":"https:\/\/www.caririemacao.com\/1\/wp-json\/wp\/v2\/posts"}],"about":[{"href":"https:\/\/www.caririemacao.com\/1\/wp-json\/wp\/v2\/types\/post"}],"author":[{"embeddable":true,"href":"https:\/\/www.caririemacao.com\/1\/wp-json\/wp\/v2\/users\/1"}],"replies":[{"embeddable":true,"href":"https:\/\/www.caririemacao.com\/1\/wp-json\/wp\/v2\/comments?post=93707"}],"version-history":[{"count":1,"href":"https:\/\/www.caririemacao.com\/1\/wp-json\/wp\/v2\/posts\/93707\/revisions"}],"predecessor-version":[{"id":93709,"href":"https:\/\/www.caririemacao.com\/1\/wp-json\/wp\/v2\/posts\/93707\/revisions\/93709"}],"wp:featuredmedia":[{"embeddable":true,"href":"https:\/\/www.caririemacao.com\/1\/wp-json\/wp\/v2\/media\/93708"}],"wp:attachment":[{"href":"https:\/\/www.caririemacao.com\/1\/wp-json\/wp\/v2\/media?parent=93707"}],"wp:term":[{"taxonomy":"category","embeddable":true,"href":"https:\/\/www.caririemacao.com\/1\/wp-json\/wp\/v2\/categories?post=93707"},{"taxonomy":"post_tag","embeddable":true,"href":"https:\/\/www.caririemacao.com\/1\/wp-json\/wp\/v2\/tags?post=93707"}],"curies":[{"name":"wp","href":"https:\/\/api.w.org\/{rel}","templated":true}]}}