{"id":93711,"date":"2019-05-02T12:29:37","date_gmt":"2019-05-02T15:29:37","guid":{"rendered":"http:\/\/www.caririemacao.com\/1\/?p=93711"},"modified":"2019-05-02T12:29:37","modified_gmt":"2019-05-02T15:29:37","slug":"na-paraiba-quatro-municipios-do-cariri-tem-risco-para-surto-de-dengue-e-zika","status":"publish","type":"post","link":"https:\/\/www.caririemacao.com\/1\/2019\/05\/02\/na-paraiba-quatro-municipios-do-cariri-tem-risco-para-surto-de-dengue-e-zika\/","title":{"rendered":"Na Para\u00edba, quatro munic\u00edpios do Cariri t\u00eam risco para surto de dengue e zika"},"content":{"rendered":"\n<p>Na Para\u00edba, 46 munic\u00edpios est\u00e3o em risco de surto para doen\u00e7as de dengue, zika e&nbsp;chikungunya. O Levantamento R\u00e1pido de \u00edndices de Infesta\u00e7\u00e3o pelo Aedes Aegypti (LIRAa) mostrou alto \u00edndice de infesta\u00e7\u00e3o nas cidades.<\/p>\n\n\n\n<p>A mesma pesquisa revela que 52 cidades do estado t\u00eam situa\u00e7\u00e3o satisfat\u00f3ria, incluindo Jo\u00e3o Pessoa, que \u00e9 uma das cinco capitais do Brasil com o melhor \u00edndice. Ainda na Para\u00edba, 125 munic\u00edpios est\u00e3o em alerta sobre o risco.<\/p>\n\n\n\n<p>De acordo com o Minist\u00e9rio da Sa\u00fade, o sistema de vigil\u00e2ncia dos estados e dos munic\u00edpios deve aumentar os esfor\u00e7os para combater o mosquito. Os dados foram coletados no per\u00edodo de janeiro a mar\u00e7o deste ano.<\/p>\n\n\n\n<p>A metodologia da pesquisa identifica onde est\u00e3o concentrados os focos do mosquito em cada munic\u00edpio, al\u00e9m de revelar quais os principais tipos de criadouros predominantes.&nbsp;Segundo o Minist\u00e9rio de Sa\u00fade, os resultados refor\u00e7am a necessidade de intensificar imediatamente as a\u00e7\u00f5es de preven\u00e7\u00e3o contra a dengue, zika e chikungunya, em especial nas cidades em risco e em alerta.<\/p>\n\n\n\n<p>Os munic\u00edpios paraibanos classificados como em situa\u00e7\u00e3o de risco s\u00e3o os de \u00c1gua Branca, Alagoa Nova, Arara, Aroeiras,&nbsp;<strong>Assun\u00e7\u00e3o<\/strong>, Barra de Santa Rosa, Bel\u00e9m, Bel\u00e9m do Brejo do Cruz, Brejo do Cruz, Caapor\u00e3, Cacimba de Dentro, Cai\u00e7ara, Caldas Brand\u00e3o, Concei\u00e7\u00e3o, Fagundes, Igaracy, Imaculada, Itabaiana, Ing\u00e1, Itatuba, Juarez T\u00e1vora, Lagoa, Malta, Mariz\u00f3polis, Matureia, Mogeiro, Mulungu, Nazarezinho, Patos, Pedra Branca, Pedras de Fogo, Pianc\u00f3, Picu\u00ed, Pirpirituba,&nbsp;<strong>Prata<\/strong>, Princesa Isabel, Santa Cruz, Santa Luzia,&nbsp;<strong>S\u00e3o Jo\u00e3o do Tigre<\/strong>, S\u00e3o Jo\u00e3o de Caiana, S\u00e3o Jos\u00e9 de Brejo do Cruz, Serra Grande, Sol\u00e2nea, Sousa e<strong>&nbsp;Tapero\u00e1<\/strong>.<\/p>\n\n\n\n<p>\u201cO resultado do LIRAa confirma o aumento da incid\u00eancia de casos de dengue em todo o pa\u00eds que subiu 339,9% em rela\u00e7\u00e3o ao mesmo per\u00edodo do ano passado. Esses resultados indicam que \u00e9 preciso fortalecer ainda mais as a\u00e7\u00f5es de combate ao mosquito transmissor, com a participa\u00e7\u00e3o da popula\u00e7\u00e3o e de todos os gestores locais e federal\u201d, afirma o secret\u00e1rio de Vigil\u00e2ncia em Sa\u00fade do Minist\u00e9rio da Sa\u00fade, Wanderson Kleber.<\/p>\n","protected":false},"excerpt":{"rendered":"<p>Na Para\u00edba, 46 munic\u00edpios est\u00e3o em risco de surto para doen\u00e7as de dengue, zika e&nbsp;chikungunya. O Levantamento R\u00e1pido de \u00edndices de Infesta\u00e7\u00e3o pelo Aedes Aegypti&hellip; <\/p>\n","protected":false},"author":1,"featured_media":48862,"comment_status":"closed","ping_status":"closed","sticky":false,"template":"","format":"standard","meta":{"sfsi_plus_gutenberg_text_before_share":"","sfsi_plus_gutenberg_show_text_before_share":"","sfsi_plus_gutenberg_icon_type":"","sfsi_plus_gutenberg_icon_alignemt":"","sfsi_plus_gutenburg_max_per_row":"","footnotes":""},"categories":[16],"tags":[],"class_list":["post-93711","post","type-post","status-publish","format-standard","has-post-thumbnail","hentry","category-saude"],"_links":{"self":[{"href":"https:\/\/www.caririemacao.com\/1\/wp-json\/wp\/v2\/posts\/93711","targetHints":{"allow":["GET"]}}],"collection":[{"href":"https:\/\/www.caririemacao.com\/1\/wp-json\/wp\/v2\/posts"}],"about":[{"href":"https:\/\/www.caririemacao.com\/1\/wp-json\/wp\/v2\/types\/post"}],"author":[{"embeddable":true,"href":"https:\/\/www.caririemacao.com\/1\/wp-json\/wp\/v2\/users\/1"}],"replies":[{"embeddable":true,"href":"https:\/\/www.caririemacao.com\/1\/wp-json\/wp\/v2\/comments?post=93711"}],"version-history":[{"count":1,"href":"https:\/\/www.caririemacao.com\/1\/wp-json\/wp\/v2\/posts\/93711\/revisions"}],"predecessor-version":[{"id":93712,"href":"https:\/\/www.caririemacao.com\/1\/wp-json\/wp\/v2\/posts\/93711\/revisions\/93712"}],"wp:featuredmedia":[{"embeddable":true,"href":"https:\/\/www.caririemacao.com\/1\/wp-json\/wp\/v2\/media\/48862"}],"wp:attachment":[{"href":"https:\/\/www.caririemacao.com\/1\/wp-json\/wp\/v2\/media?parent=93711"}],"wp:term":[{"taxonomy":"category","embeddable":true,"href":"https:\/\/www.caririemacao.com\/1\/wp-json\/wp\/v2\/categories?post=93711"},{"taxonomy":"post_tag","embeddable":true,"href":"https:\/\/www.caririemacao.com\/1\/wp-json\/wp\/v2\/tags?post=93711"}],"curies":[{"name":"wp","href":"https:\/\/api.w.org\/{rel}","templated":true}]}}