{"id":93714,"date":"2019-05-02T12:34:00","date_gmt":"2019-05-02T15:34:00","guid":{"rendered":"http:\/\/www.caririemacao.com\/1\/?p=93714"},"modified":"2019-05-02T12:34:00","modified_gmt":"2019-05-02T15:34:00","slug":"prefeita-de-monteiro-profere-palestra-em-seminario-de-gestao-publica-promovida-pelo-sebrae","status":"publish","type":"post","link":"https:\/\/www.caririemacao.com\/1\/2019\/05\/02\/prefeita-de-monteiro-profere-palestra-em-seminario-de-gestao-publica-promovida-pelo-sebrae\/","title":{"rendered":"Prefeita de Monteiro profere palestra em Semin\u00e1rio de Gest\u00e3o P\u00fablica promovida pelo SEBRAE"},"content":{"rendered":"\n<p>A prefeita do munic\u00edpio de Monteiro, Anna Lorena de Farias Leite N\u00f3brega, participou na \u00faltima ter\u00e7a-feira, 30, do Semin\u00e1rio Gest\u00e3o P\u00fablica, Gerando Oportunidades, Neg\u00f3cios, Renda e Bem-Estar Social, promovido pelo SEBRAE \u2013 PB, evento que tamb\u00e9m teve a entrega da premia\u00e7\u00e3o do X Pr\u00eamio Sebrae Prefeito Empreendedor.<\/p>\n\n\n\n<p>O evento aconteceu no audit\u00f3rio Raimundo Asfora, no Centro de Conven\u00e7\u00f5es de Campina Grande e contou com a presen\u00e7a de diversas autoridades, entre eles o Superintendente do SEBRAE na Para\u00edba, Luiz Alberto Gon\u00e7alves.<\/p>\n\n\n\n<p>Em sua participa\u00e7\u00e3o a prefeita Anna Lorena abordou o tema: \u201cPlano Municipal de Educa\u00e7\u00e3o\u201d, oportunidade que expressou as suas a\u00e7\u00f5es que est\u00e3o obtendo verdadeiro sucesso na \u00e1rea educacional, a exemplo da implanta\u00e7\u00e3o do programa JEPP \u2013 Jovens Empreendedores Primeiros Passos.<\/p>\n\n\n\n<p>Durante sua fala a prefeita Anna Lorena lembrou que ao assumir o comando administrativo de Monteiro no in\u00edcio de 2017, a sua meta era o fortalecimento da educa\u00e7\u00e3o, buscando um formato diferente que pudesse oferecer aos jovens oportunidades diferentes \u00e0s que eram vivenciadas h\u00e1 tempos atr\u00e1s.<\/p>\n\n\n\n<p>\u201cUm dos novos par\u00e2metros foi \u00e0 decis\u00e3o de fortalecer a forma\u00e7\u00e3o de um novo ensino educacional mais voltada para o empreendedorismo, sendo este um dos eixos que orientar\u00e3o os chamados itiner\u00e1rios formativos, ou seja, as atividades que os estudantes poder\u00e3o escolher. Isso significa que, ap\u00f3s o ensino fundamental e ainda durante o ensino m\u00e9dio, os estudantes poder\u00e3o, por exemplo, aprofundar os conhecimentos referentes ao mundo do trabalho e \u00e0 gest\u00e3o de empreendimentos\u201d, afirmou a prefeita de Monteiro.<\/p>\n\n\n\n<p>Segundo a prefeita, esses m\u00e9todos j\u00e1 come\u00e7aram a ser fomentados, idealizados, pensados, e, a partir de agora, atrav\u00e9s do JEPP se trabalha com comportamento Empreendedor e Plano de Neg\u00f3cios, sendo estes, os dois eixos que norteiam o programa.<\/p>\n\n\n\n<p>Ao final de sua palestra, Anna Lorena disse: \u201c\u00c9 acreditando nestes projetos formados por parceiros importantes com o SEBRAE, Governo do Estado e outras entidades governamentais e privadas que queremos fortalecer cada vez mais o empreendedorismo\u201d.<\/p>\n","protected":false},"excerpt":{"rendered":"<p>A prefeita do munic\u00edpio de Monteiro, Anna Lorena de Farias Leite N\u00f3brega, participou na \u00faltima ter\u00e7a-feira, 30, do Semin\u00e1rio Gest\u00e3o P\u00fablica, Gerando Oportunidades, Neg\u00f3cios, Renda&hellip; <\/p>\n","protected":false},"author":1,"featured_media":93715,"comment_status":"closed","ping_status":"closed","sticky":false,"template":"","format":"standard","meta":{"sfsi_plus_gutenberg_text_before_share":"","sfsi_plus_gutenberg_show_text_before_share":"","sfsi_plus_gutenberg_icon_type":"","sfsi_plus_gutenberg_icon_alignemt":"","sfsi_plus_gutenburg_max_per_row":"","footnotes":""},"categories":[6],"tags":[],"class_list":["post-93714","post","type-post","status-publish","format-standard","has-post-thumbnail","hentry","category-cidades"],"_links":{"self":[{"href":"https:\/\/www.caririemacao.com\/1\/wp-json\/wp\/v2\/posts\/93714","targetHints":{"allow":["GET"]}}],"collection":[{"href":"https:\/\/www.caririemacao.com\/1\/wp-json\/wp\/v2\/posts"}],"about":[{"href":"https:\/\/www.caririemacao.com\/1\/wp-json\/wp\/v2\/types\/post"}],"author":[{"embeddable":true,"href":"https:\/\/www.caririemacao.com\/1\/wp-json\/wp\/v2\/users\/1"}],"replies":[{"embeddable":true,"href":"https:\/\/www.caririemacao.com\/1\/wp-json\/wp\/v2\/comments?post=93714"}],"version-history":[{"count":1,"href":"https:\/\/www.caririemacao.com\/1\/wp-json\/wp\/v2\/posts\/93714\/revisions"}],"predecessor-version":[{"id":93716,"href":"https:\/\/www.caririemacao.com\/1\/wp-json\/wp\/v2\/posts\/93714\/revisions\/93716"}],"wp:featuredmedia":[{"embeddable":true,"href":"https:\/\/www.caririemacao.com\/1\/wp-json\/wp\/v2\/media\/93715"}],"wp:attachment":[{"href":"https:\/\/www.caririemacao.com\/1\/wp-json\/wp\/v2\/media?parent=93714"}],"wp:term":[{"taxonomy":"category","embeddable":true,"href":"https:\/\/www.caririemacao.com\/1\/wp-json\/wp\/v2\/categories?post=93714"},{"taxonomy":"post_tag","embeddable":true,"href":"https:\/\/www.caririemacao.com\/1\/wp-json\/wp\/v2\/tags?post=93714"}],"curies":[{"name":"wp","href":"https:\/\/api.w.org\/{rel}","templated":true}]}}