{"id":93718,"date":"2019-05-02T12:36:22","date_gmt":"2019-05-02T15:36:22","guid":{"rendered":"http:\/\/www.caririemacao.com\/1\/?p=93718"},"modified":"2019-05-02T12:36:22","modified_gmt":"2019-05-02T15:36:22","slug":"apos-corte-de-r-30-milhoes-reitora-da-ufpb-estuda-reduzir-terceirizados-mas-garante-nomeacoes-do-concurso","status":"publish","type":"post","link":"https:\/\/www.caririemacao.com\/1\/2019\/05\/02\/apos-corte-de-r-30-milhoes-reitora-da-ufpb-estuda-reduzir-terceirizados-mas-garante-nomeacoes-do-concurso\/","title":{"rendered":"Ap\u00f3s corte de R$ 30 milh\u00f5es, reitora da UFPB estuda reduzir terceirizados, mas garante nomea\u00e7\u00f5es do concurso"},"content":{"rendered":"\n<p>O corte de 30% nas universidades federais anunciado pelo Minist\u00e9rio da Educa\u00e7\u00e3o (MEC) j\u00e1 preocupa alunos, funcion\u00e1rios e reitores das institui\u00e7\u00f5es, que buscam uma reuni\u00e3o com o ministro Abraham Weintraub em Bras\u00edlia. A reitora Margareth Diniz, da Universidade Federal da Para\u00edba (UFPB), ressaltou em entrevista ao ClickPB nesta quinta-feira (02) que o corte na institui\u00e7\u00e3o ser\u00e1 de R$ 30 milh\u00f5es no custeio do dia a dia.<\/p>\n\n\n\n<p>Algumas situa\u00e7\u00f5es de corte j\u00e1 est\u00e3o sendo estudadas pela equipe de planejamento da UFPB, como \u00e9 o caso dos funcion\u00e1rios terceirizados. Margareth n\u00e3o revelou a quantidade de terceirizados que dever\u00e3o ser dispensados, mas ressaltou que o caso est\u00e1 em an\u00e1lise. Dever\u00e3o ser afetados, desde seguran\u00e7as, porteiros, recepcionistas e servi\u00e7os gerais que atuam atrav\u00e9s de empresas que terceirizam seus servi\u00e7os. O corte, segundo Margareth, &#8220;vai inviabilizar em algum momento os contratos com os fornecedores&#8221;.<\/p>\n\n\n\n<p>De pronto, j\u00e1 foram suspensas as concess\u00f5es de passagens para viagens internacionais, segundo informou a reitora. Os setores prejudicados com o corte no or\u00e7amento s\u00e3o os do dia a dia, como classifica Margareth. Ela destaca que os setores afetados s\u00e3o em rela\u00e7\u00e3o \u00e0 &#8220;\u00e1gua, energia, compra de material apara aulas, reagentes, parte de laborat\u00f3rios, manuten\u00e7\u00e3o da universidade, terceiriza\u00e7\u00e3o, motorista, combust\u00edvel, compra de ve\u00edculos&#8221;.<\/p>\n\n\n\n<p>Apesar dos cortes no custeio, n\u00e3o ser\u00e3o afetadas as \u00e1reas de assist\u00eancia estudantil nem folha de pessoal. Isso significa dizer, segundo informou a reitora, que os aprovados no concurso p\u00fablico para a UFPB ser\u00e3o nomeados normalmente, segundo o planejamento.<\/p>\n\n\n\n<p>&#8220;Em julho vamos chamar os aprovados e para al\u00e9m deles, tendo em vista as aposentadorias que est\u00e3o previstas&#8221;, garantiu a reitora da UFPB.<\/p>\n\n\n\n<p>Margareth Diniz considera que a situa\u00e7\u00e3o \u00e9 muito grave n\u00e3o somente para a UFPB, mas tamb\u00e9m para todas as outras institui\u00e7\u00f5es federais. &#8220;O trabalho agora \u00e9 tentar reverter a situa\u00e7\u00e3o&#8221;, destacou a reitora, depositando esperan\u00e7as na reuni\u00e3o entre a Andifes, os reitores das universidades e o ministro da Educa\u00e7\u00e3o.<\/p>\n","protected":false},"excerpt":{"rendered":"<p>O corte de 30% nas universidades federais anunciado pelo Minist\u00e9rio da Educa\u00e7\u00e3o (MEC) j\u00e1 preocupa alunos, funcion\u00e1rios e reitores das institui\u00e7\u00f5es, que buscam uma reuni\u00e3o&hellip; <\/p>\n","protected":false},"author":1,"featured_media":93719,"comment_status":"closed","ping_status":"closed","sticky":false,"template":"","format":"standard","meta":{"sfsi_plus_gutenberg_text_before_share":"","sfsi_plus_gutenberg_show_text_before_share":"","sfsi_plus_gutenberg_icon_type":"","sfsi_plus_gutenberg_icon_alignemt":"","sfsi_plus_gutenburg_max_per_row":"","footnotes":""},"categories":[14],"tags":[],"class_list":["post-93718","post","type-post","status-publish","format-standard","has-post-thumbnail","hentry","category-educacao"],"_links":{"self":[{"href":"https:\/\/www.caririemacao.com\/1\/wp-json\/wp\/v2\/posts\/93718","targetHints":{"allow":["GET"]}}],"collection":[{"href":"https:\/\/www.caririemacao.com\/1\/wp-json\/wp\/v2\/posts"}],"about":[{"href":"https:\/\/www.caririemacao.com\/1\/wp-json\/wp\/v2\/types\/post"}],"author":[{"embeddable":true,"href":"https:\/\/www.caririemacao.com\/1\/wp-json\/wp\/v2\/users\/1"}],"replies":[{"embeddable":true,"href":"https:\/\/www.caririemacao.com\/1\/wp-json\/wp\/v2\/comments?post=93718"}],"version-history":[{"count":1,"href":"https:\/\/www.caririemacao.com\/1\/wp-json\/wp\/v2\/posts\/93718\/revisions"}],"predecessor-version":[{"id":93720,"href":"https:\/\/www.caririemacao.com\/1\/wp-json\/wp\/v2\/posts\/93718\/revisions\/93720"}],"wp:featuredmedia":[{"embeddable":true,"href":"https:\/\/www.caririemacao.com\/1\/wp-json\/wp\/v2\/media\/93719"}],"wp:attachment":[{"href":"https:\/\/www.caririemacao.com\/1\/wp-json\/wp\/v2\/media?parent=93718"}],"wp:term":[{"taxonomy":"category","embeddable":true,"href":"https:\/\/www.caririemacao.com\/1\/wp-json\/wp\/v2\/categories?post=93718"},{"taxonomy":"post_tag","embeddable":true,"href":"https:\/\/www.caririemacao.com\/1\/wp-json\/wp\/v2\/tags?post=93718"}],"curies":[{"name":"wp","href":"https:\/\/api.w.org\/{rel}","templated":true}]}}