{"id":93726,"date":"2019-05-02T12:47:15","date_gmt":"2019-05-02T15:47:15","guid":{"rendered":"http:\/\/www.caririemacao.com\/1\/?p=93726"},"modified":"2019-05-02T12:47:15","modified_gmt":"2019-05-02T15:47:15","slug":"governador-explica-exoneracoes-de-auxiliares","status":"publish","type":"post","link":"https:\/\/www.caririemacao.com\/1\/2019\/05\/02\/governador-explica-exoneracoes-de-auxiliares\/","title":{"rendered":"Governador explica exonera\u00e7\u00f5es de auxiliares"},"content":{"rendered":"\n<p><br>Buscando afastar a crise do centro do seu governo por conta de ex-auxiliares investigados pela Opera\u00e7\u00e3o Calv\u00e1rio, o governador Jo\u00e3o Azev\u00eado afirmou \u00e0 imprensa, que as exonera\u00e7\u00f5es do ex-secret\u00e1rio de Planejamento Waldson de Souza e do ex-procurador-geral Gilberto Carneiro foram t\u00e3o somente um processo de mudan\u00e7a, cuja a\u00e7\u00e3o \u00e9 um ato normal e recorrente em qualquer administra\u00e7\u00e3o p\u00fablica.<\/p>\n\n\n\n<p>&nbsp;A declara\u00e7\u00e3o do governador foi dada nesta quinta-feira (2), por ocasi\u00e3o da abertura do Movimento Maio Amarelo de conscientiza\u00e7\u00e3o para redu\u00e7\u00e3o de acidentes de tr\u00e2nsito, solenidade ocorrida no audit\u00f3rio Sergio Bernardes, no Hotel Tamba\u00fa, em Jo\u00e3o Pessoa.<\/p>\n\n\n\n<figure class=\"wp-block-image\"><img decoding=\"async\" data-src=\"https:\/\/paraibaonline.com.br\/wp-content\/uploads\/2019\/04\/azevedo2504.jpeg\" alt=\"Foto: Paraibaonline\" class=\"wp-image-701485 lazyload\" src=\"data:image\/svg+xml;base64,PHN2ZyB3aWR0aD0iMSIgaGVpZ2h0PSIxIiB4bWxucz0iaHR0cDovL3d3dy53My5vcmcvMjAwMC9zdmciPjwvc3ZnPg==\" \/><\/figure>\n\n\n\n<p>Foto: Paraibaonline<\/p>\n\n\n\n<p>Sob as indaga\u00e7\u00f5es da imprensa, Azev\u00eado tratou de dissipar os fatos de que sua decis\u00e3o tenha sido por conta das investiga\u00e7\u00f5es do Minist\u00e9rio P\u00fablico.<\/p>\n\n\n\n<p>\u201cA mudan\u00e7a dentro do governo \u00e9 natural e acontece e isso estava sendo pensando desde os cem primeiros dias de gest\u00e3o e vai acontecer outras mudan\u00e7as at\u00e9 o final do mandato. Isso \u00e9 \u00f3bvio. Mudan\u00e7a de secret\u00e1rios acontece normalmente. Isso est\u00e1 previsto e n\u00f3s vamos fazer e continuar fazendo\u201d, disse.<\/p>\n\n\n\n<p>O governador afirmou ainda que sua gest\u00e3o vai continuar fazendo tudo que a Para\u00edba espera em termos de desenvolvimento e investimento em todas as \u00e1reas.<\/p>\n","protected":false},"excerpt":{"rendered":"<p>Buscando afastar a crise do centro do seu governo por conta de ex-auxiliares investigados pela Opera\u00e7\u00e3o Calv\u00e1rio, o governador Jo\u00e3o Azev\u00eado afirmou \u00e0 imprensa, que&hellip; <\/p>\n","protected":false},"author":1,"featured_media":93727,"comment_status":"closed","ping_status":"closed","sticky":false,"template":"","format":"standard","meta":{"sfsi_plus_gutenberg_text_before_share":"","sfsi_plus_gutenberg_show_text_before_share":"","sfsi_plus_gutenberg_icon_type":"","sfsi_plus_gutenberg_icon_alignemt":"","sfsi_plus_gutenburg_max_per_row":"","footnotes":""},"categories":[11],"tags":[],"class_list":["post-93726","post","type-post","status-publish","format-standard","has-post-thumbnail","hentry","category-politica"],"_links":{"self":[{"href":"https:\/\/www.caririemacao.com\/1\/wp-json\/wp\/v2\/posts\/93726","targetHints":{"allow":["GET"]}}],"collection":[{"href":"https:\/\/www.caririemacao.com\/1\/wp-json\/wp\/v2\/posts"}],"about":[{"href":"https:\/\/www.caririemacao.com\/1\/wp-json\/wp\/v2\/types\/post"}],"author":[{"embeddable":true,"href":"https:\/\/www.caririemacao.com\/1\/wp-json\/wp\/v2\/users\/1"}],"replies":[{"embeddable":true,"href":"https:\/\/www.caririemacao.com\/1\/wp-json\/wp\/v2\/comments?post=93726"}],"version-history":[{"count":1,"href":"https:\/\/www.caririemacao.com\/1\/wp-json\/wp\/v2\/posts\/93726\/revisions"}],"predecessor-version":[{"id":93728,"href":"https:\/\/www.caririemacao.com\/1\/wp-json\/wp\/v2\/posts\/93726\/revisions\/93728"}],"wp:featuredmedia":[{"embeddable":true,"href":"https:\/\/www.caririemacao.com\/1\/wp-json\/wp\/v2\/media\/93727"}],"wp:attachment":[{"href":"https:\/\/www.caririemacao.com\/1\/wp-json\/wp\/v2\/media?parent=93726"}],"wp:term":[{"taxonomy":"category","embeddable":true,"href":"https:\/\/www.caririemacao.com\/1\/wp-json\/wp\/v2\/categories?post=93726"},{"taxonomy":"post_tag","embeddable":true,"href":"https:\/\/www.caririemacao.com\/1\/wp-json\/wp\/v2\/tags?post=93726"}],"curies":[{"name":"wp","href":"https:\/\/api.w.org\/{rel}","templated":true}]}}