{"id":93731,"date":"2019-05-02T12:55:18","date_gmt":"2019-05-02T15:55:18","guid":{"rendered":"http:\/\/www.caririemacao.com\/1\/?p=93731"},"modified":"2019-05-02T12:55:18","modified_gmt":"2019-05-02T15:55:18","slug":"dois-homens-sao-presos-suspeitos-de-estuprar-menina-de-12-anos-na-pb","status":"publish","type":"post","link":"https:\/\/www.caririemacao.com\/1\/2019\/05\/02\/dois-homens-sao-presos-suspeitos-de-estuprar-menina-de-12-anos-na-pb\/","title":{"rendered":"Dois homens s\u00e3o presos suspeitos de estuprar menina de 12 anos na PB"},"content":{"rendered":"\n<figure class=\"wp-block-image\"><img decoding=\"async\" data-src=\"http:\/\/paraibadebate.com.br\/wp-content\/uploads\/2019\/05\/policia-militar-pm.jpg\" alt=\"\" src=\"data:image\/svg+xml;base64,PHN2ZyB3aWR0aD0iMSIgaGVpZ2h0PSIxIiB4bWxucz0iaHR0cDovL3d3dy53My5vcmcvMjAwMC9zdmciPjwvc3ZnPg==\" class=\"lazyload\" \/><\/figure>\n\n\n\n<p>Dois homens de 24 e 25 anos foram presos na noite de ter\u00e7a-feira (30), suspeitos de estupro de vulner\u00e1vel contra uma menina de 12 anos. Segundo o 4\u00ba Batalh\u00e3o de Pol\u00edcia Militar os dois suspeitos foram presos em flagrante na cidade de Cuitegi, na Para\u00edba<\/p>\n\n\n\n<p>A den\u00fancia foi feita pelo pai da menina, que informou que a filha teria sido abusada sexualmente pelos dois homens depois que a encontrou em uma casa em constru\u00e7\u00e3o no Loteamento Ol\u00edvio Madruga com um deles.<\/p>\n\n\n\n<p>Ao questionar a filha sobre o que teria acontecido, a menina afirmou ter estado no local e praticado rela\u00e7\u00f5es sexuais com os dois homens.<\/p>\n\n\n\n<p>Os suspeitos foram localizados pelos policiais e, depois de presos, eles foram conduzidos, juntamente com a v\u00edtima e os genitores, para a Delegacia de Pol\u00edcia Civil.<\/p>\n","protected":false},"excerpt":{"rendered":"<p>Dois homens de 24 e 25 anos foram presos na noite de ter\u00e7a-feira (30), suspeitos de estupro de vulner\u00e1vel contra uma menina de 12 anos.&hellip; <\/p>\n","protected":false},"author":1,"featured_media":74020,"comment_status":"closed","ping_status":"closed","sticky":false,"template":"","format":"standard","meta":{"sfsi_plus_gutenberg_text_before_share":"","sfsi_plus_gutenberg_show_text_before_share":"","sfsi_plus_gutenberg_icon_type":"","sfsi_plus_gutenberg_icon_alignemt":"","sfsi_plus_gutenburg_max_per_row":"","footnotes":""},"categories":[12],"tags":[],"class_list":["post-93731","post","type-post","status-publish","format-standard","has-post-thumbnail","hentry","category-policia"],"_links":{"self":[{"href":"https:\/\/www.caririemacao.com\/1\/wp-json\/wp\/v2\/posts\/93731","targetHints":{"allow":["GET"]}}],"collection":[{"href":"https:\/\/www.caririemacao.com\/1\/wp-json\/wp\/v2\/posts"}],"about":[{"href":"https:\/\/www.caririemacao.com\/1\/wp-json\/wp\/v2\/types\/post"}],"author":[{"embeddable":true,"href":"https:\/\/www.caririemacao.com\/1\/wp-json\/wp\/v2\/users\/1"}],"replies":[{"embeddable":true,"href":"https:\/\/www.caririemacao.com\/1\/wp-json\/wp\/v2\/comments?post=93731"}],"version-history":[{"count":1,"href":"https:\/\/www.caririemacao.com\/1\/wp-json\/wp\/v2\/posts\/93731\/revisions"}],"predecessor-version":[{"id":93732,"href":"https:\/\/www.caririemacao.com\/1\/wp-json\/wp\/v2\/posts\/93731\/revisions\/93732"}],"wp:featuredmedia":[{"embeddable":true,"href":"https:\/\/www.caririemacao.com\/1\/wp-json\/wp\/v2\/media\/74020"}],"wp:attachment":[{"href":"https:\/\/www.caririemacao.com\/1\/wp-json\/wp\/v2\/media?parent=93731"}],"wp:term":[{"taxonomy":"category","embeddable":true,"href":"https:\/\/www.caririemacao.com\/1\/wp-json\/wp\/v2\/categories?post=93731"},{"taxonomy":"post_tag","embeddable":true,"href":"https:\/\/www.caririemacao.com\/1\/wp-json\/wp\/v2\/tags?post=93731"}],"curies":[{"name":"wp","href":"https:\/\/api.w.org\/{rel}","templated":true}]}}