{"id":93734,"date":"2019-05-02T13:07:58","date_gmt":"2019-05-02T16:07:58","guid":{"rendered":"http:\/\/www.caririemacao.com\/1\/?p=93734"},"modified":"2019-05-02T13:07:58","modified_gmt":"2019-05-02T16:07:58","slug":"prefeitura-municipal-de-sao-sebastiao-do-umbuzeiro-adquire-novos-coletores-de-lixo","status":"publish","type":"post","link":"https:\/\/www.caririemacao.com\/1\/2019\/05\/02\/prefeitura-municipal-de-sao-sebastiao-do-umbuzeiro-adquire-novos-coletores-de-lixo\/","title":{"rendered":"Prefeitura Municipal de S\u00e3o Sebasti\u00e3o do Umbuzeiro adquire novos coletores de lixo"},"content":{"rendered":"\n<p>Com o olhar voltado para o meio ambiente, al\u00e9m de contribuir com a sa\u00fade p\u00fablica, a prefeitura de S\u00e3o Sebasti\u00e3o do Umbuzeiro, atrav\u00e9s da Secretaria de Obras e Servi\u00e7os Urbanos, investiu na compra de tambores e caixas para dep\u00f3sito do lixo.<\/p>\n\n\n\n<p>O objetivo \u00e9 melhorar a manuten\u00e7\u00e3o da limpeza da cidade, bem como facilitar o trabalho dos garis.&nbsp;As unidades ser\u00e3o distribu\u00eddas pelas ruas do munic\u00edpio.<\/p>\n\n\n\n<p>A a\u00e7\u00e3o \u00e9 importante, e a Prefeitura espera a colabora\u00e7\u00e3o da popula\u00e7\u00e3o a fim de manter o munic\u00edpio limpo e organizado, colocando os res\u00edduos nos tambores. Disse o prefeito Adriano Wolff.<\/p>\n\n\n\n<p>Os dias da coleta de lixo no munic\u00edpio de S\u00e3o Sebasti\u00e3o do Umbuzeiro s\u00e3o programados para as ter\u00e7as-feiras, quinta-feira e s\u00e1bado.<\/p>\n\n\n\n<figure class=\"wp-block-image\"><img decoding=\"async\" data-src=\"http:\/\/www.blogdodidi.com.br\/wp-content\/uploads\/2019\/04\/5f658d43-3472-4ff0-925d-5fdd107758e2-1024x576.jpg\" alt=\"\" class=\"wp-image-86913 lazyload\" src=\"data:image\/svg+xml;base64,PHN2ZyB3aWR0aD0iMSIgaGVpZ2h0PSIxIiB4bWxucz0iaHR0cDovL3d3dy53My5vcmcvMjAwMC9zdmciPjwvc3ZnPg==\" style=\"--smush-placeholder-width: 1024px; --smush-placeholder-aspect-ratio: 1024\/576;\" \/><\/figure>\n\n\n\n<figure class=\"wp-block-image\"><img decoding=\"async\" data-src=\"http:\/\/www.blogdodidi.com.br\/wp-content\/uploads\/2019\/04\/35ea50bc-47eb-4ce3-9df1-75f43996192e-1-1024x576.jpg\" alt=\"\" class=\"wp-image-86915 lazyload\" src=\"data:image\/svg+xml;base64,PHN2ZyB3aWR0aD0iMSIgaGVpZ2h0PSIxIiB4bWxucz0iaHR0cDovL3d3dy53My5vcmcvMjAwMC9zdmciPjwvc3ZnPg==\" style=\"--smush-placeholder-width: 1024px; --smush-placeholder-aspect-ratio: 1024\/576;\" \/><\/figure>\n\n\n\n<figure class=\"wp-block-image\"><img decoding=\"async\" data-src=\"http:\/\/www.blogdodidi.com.br\/wp-content\/uploads\/2019\/04\/42bb2992-6a6e-45cc-97cd-13cb31c41e0a-1024x576.jpg\" alt=\"\" class=\"wp-image-86917 lazyload\" src=\"data:image\/svg+xml;base64,PHN2ZyB3aWR0aD0iMSIgaGVpZ2h0PSIxIiB4bWxucz0iaHR0cDovL3d3dy53My5vcmcvMjAwMC9zdmciPjwvc3ZnPg==\" style=\"--smush-placeholder-width: 1024px; --smush-placeholder-aspect-ratio: 1024\/576;\" \/><\/figure>\n\n\n\n<figure class=\"wp-block-image\"><img decoding=\"async\" data-src=\"http:\/\/www.blogdodidi.com.br\/wp-content\/uploads\/2019\/04\/80658fbb-a524-4866-a643-4162434d8aea-1024x576.jpg\" alt=\"\" class=\"wp-image-86920 lazyload\" src=\"data:image\/svg+xml;base64,PHN2ZyB3aWR0aD0iMSIgaGVpZ2h0PSIxIiB4bWxucz0iaHR0cDovL3d3dy53My5vcmcvMjAwMC9zdmciPjwvc3ZnPg==\" style=\"--smush-placeholder-width: 1024px; --smush-placeholder-aspect-ratio: 1024\/576;\" \/><\/figure>\n","protected":false},"excerpt":{"rendered":"<p>Com o olhar voltado para o meio ambiente, al\u00e9m de contribuir com a sa\u00fade p\u00fablica, a prefeitura de S\u00e3o Sebasti\u00e3o do Umbuzeiro, atrav\u00e9s da Secretaria&hellip; <\/p>\n","protected":false},"author":1,"featured_media":93735,"comment_status":"closed","ping_status":"closed","sticky":false,"template":"","format":"standard","meta":{"sfsi_plus_gutenberg_text_before_share":"","sfsi_plus_gutenberg_show_text_before_share":"","sfsi_plus_gutenberg_icon_type":"","sfsi_plus_gutenberg_icon_alignemt":"","sfsi_plus_gutenburg_max_per_row":"","footnotes":""},"categories":[6,50],"tags":[],"class_list":["post-93734","post","type-post","status-publish","format-standard","has-post-thumbnail","hentry","category-cidades","category-destaque"],"_links":{"self":[{"href":"https:\/\/www.caririemacao.com\/1\/wp-json\/wp\/v2\/posts\/93734","targetHints":{"allow":["GET"]}}],"collection":[{"href":"https:\/\/www.caririemacao.com\/1\/wp-json\/wp\/v2\/posts"}],"about":[{"href":"https:\/\/www.caririemacao.com\/1\/wp-json\/wp\/v2\/types\/post"}],"author":[{"embeddable":true,"href":"https:\/\/www.caririemacao.com\/1\/wp-json\/wp\/v2\/users\/1"}],"replies":[{"embeddable":true,"href":"https:\/\/www.caririemacao.com\/1\/wp-json\/wp\/v2\/comments?post=93734"}],"version-history":[{"count":1,"href":"https:\/\/www.caririemacao.com\/1\/wp-json\/wp\/v2\/posts\/93734\/revisions"}],"predecessor-version":[{"id":93736,"href":"https:\/\/www.caririemacao.com\/1\/wp-json\/wp\/v2\/posts\/93734\/revisions\/93736"}],"wp:featuredmedia":[{"embeddable":true,"href":"https:\/\/www.caririemacao.com\/1\/wp-json\/wp\/v2\/media\/93735"}],"wp:attachment":[{"href":"https:\/\/www.caririemacao.com\/1\/wp-json\/wp\/v2\/media?parent=93734"}],"wp:term":[{"taxonomy":"category","embeddable":true,"href":"https:\/\/www.caririemacao.com\/1\/wp-json\/wp\/v2\/categories?post=93734"},{"taxonomy":"post_tag","embeddable":true,"href":"https:\/\/www.caririemacao.com\/1\/wp-json\/wp\/v2\/tags?post=93734"}],"curies":[{"name":"wp","href":"https:\/\/api.w.org\/{rel}","templated":true}]}}