{"id":93737,"date":"2019-05-02T13:15:05","date_gmt":"2019-05-02T16:15:05","guid":{"rendered":"http:\/\/www.caririemacao.com\/1\/?p=93737"},"modified":"2019-05-02T13:15:05","modified_gmt":"2019-05-02T16:15:05","slug":"pular-o-cafe-da-manha-pode-matar","status":"publish","type":"post","link":"https:\/\/www.caririemacao.com\/1\/2019\/05\/02\/pular-o-cafe-da-manha-pode-matar\/","title":{"rendered":"Pular o caf\u00e9 da manh\u00e3 pode matar?"},"content":{"rendered":"\n<p>O caf\u00e9 da manh\u00e3 \u00e9 internacionalmente reconhecido como a refei\u00e7\u00e3o mais importante do dia.<\/p>\n\n\n\n<p>Um estudo divulgado na semana passada pelo American College of Cardiology, associa\u00e7\u00e3o m\u00e9dica que se dedica a doen\u00e7as cardiovasculares nos EUA, afirma que o caf\u00e9 da manh\u00e3 pode tamb\u00e9m salvar vidas.<\/p>\n\n\n\n<p>Pular a primeira refei\u00e7\u00e3o do dia est\u00e1 associado a um maior risco de morte por doen\u00e7as cardiovasculares, afirmam os pesquisadores.<\/p>\n\n\n\n<p>A pesquisa envolveu uma equipe de m\u00e9dicos e pesquisadores de diferentes universidades dos EUA. Eles analisaram uma mostra de 6.550 adultos com idades entre 40 e 75 anos, que participaram de uma pesquisa nacional de sa\u00fade e nutri\u00e7\u00e3o entre 1988 e 1994. Os participantes informaram a frequ\u00eancia com que tomavam caf\u00e9 da manh\u00e3.<\/p>\n\n\n\n<p>De um modo geral, 5% dos participantes disseram que nunca tomavam caf\u00e9 da manh\u00e3, cerca de 11% deles afirmaram que raramente comiam pela manh\u00e3 e 25% disseram que consumiam caf\u00e9 da manh\u00e3 de forma intermitente.<\/p>\n\n\n\n<p>Os pesquisadores, ent\u00e3o, analisaram os registros de morte dessas pessoas at\u00e9 2011 \u2013 2.318 participantes do estudo tinham morrido \u2013 e procuraram por associa\u00e7\u00f5es entre o consumo de caf\u00e9 da manh\u00e3 e mortalidade.<\/p>\n\n\n\n<p>Depois de avaliar outros fatores de risco como fumo ou obesidade, os pesquisadores descobriram que 87% dos que pulavam o caf\u00e9 da manh\u00e3 tinham maior probabilidade de morrer de doen\u00e7a cardiovascular.<\/p>\n\n\n\n<p>G1<\/p>\n","protected":false},"excerpt":{"rendered":"<p>O caf\u00e9 da manh\u00e3 \u00e9 internacionalmente reconhecido como a refei\u00e7\u00e3o mais importante do dia. Um estudo divulgado na semana passada pelo American College of Cardiology,&hellip; <\/p>\n","protected":false},"author":1,"featured_media":93738,"comment_status":"closed","ping_status":"closed","sticky":false,"template":"","format":"standard","meta":{"sfsi_plus_gutenberg_text_before_share":"","sfsi_plus_gutenberg_show_text_before_share":"","sfsi_plus_gutenberg_icon_type":"","sfsi_plus_gutenberg_icon_alignemt":"","sfsi_plus_gutenburg_max_per_row":"","footnotes":""},"categories":[50,16],"tags":[],"class_list":["post-93737","post","type-post","status-publish","format-standard","has-post-thumbnail","hentry","category-destaque","category-saude"],"_links":{"self":[{"href":"https:\/\/www.caririemacao.com\/1\/wp-json\/wp\/v2\/posts\/93737","targetHints":{"allow":["GET"]}}],"collection":[{"href":"https:\/\/www.caririemacao.com\/1\/wp-json\/wp\/v2\/posts"}],"about":[{"href":"https:\/\/www.caririemacao.com\/1\/wp-json\/wp\/v2\/types\/post"}],"author":[{"embeddable":true,"href":"https:\/\/www.caririemacao.com\/1\/wp-json\/wp\/v2\/users\/1"}],"replies":[{"embeddable":true,"href":"https:\/\/www.caririemacao.com\/1\/wp-json\/wp\/v2\/comments?post=93737"}],"version-history":[{"count":1,"href":"https:\/\/www.caririemacao.com\/1\/wp-json\/wp\/v2\/posts\/93737\/revisions"}],"predecessor-version":[{"id":93739,"href":"https:\/\/www.caririemacao.com\/1\/wp-json\/wp\/v2\/posts\/93737\/revisions\/93739"}],"wp:featuredmedia":[{"embeddable":true,"href":"https:\/\/www.caririemacao.com\/1\/wp-json\/wp\/v2\/media\/93738"}],"wp:attachment":[{"href":"https:\/\/www.caririemacao.com\/1\/wp-json\/wp\/v2\/media?parent=93737"}],"wp:term":[{"taxonomy":"category","embeddable":true,"href":"https:\/\/www.caririemacao.com\/1\/wp-json\/wp\/v2\/categories?post=93737"},{"taxonomy":"post_tag","embeddable":true,"href":"https:\/\/www.caririemacao.com\/1\/wp-json\/wp\/v2\/tags?post=93737"}],"curies":[{"name":"wp","href":"https:\/\/api.w.org\/{rel}","templated":true}]}}