{"id":93742,"date":"2019-05-02T13:19:29","date_gmt":"2019-05-02T16:19:29","guid":{"rendered":"http:\/\/www.caririemacao.com\/1\/?p=93742"},"modified":"2019-05-02T13:19:29","modified_gmt":"2019-05-02T16:19:29","slug":"mais-de-16-mil-eleitores-podem-perder-o-titulo-na-pb-saiba-mais","status":"publish","type":"post","link":"https:\/\/www.caririemacao.com\/1\/2019\/05\/02\/mais-de-16-mil-eleitores-podem-perder-o-titulo-na-pb-saiba-mais\/","title":{"rendered":"Mais de 16 mil eleitores podem perder o t\u00edtulo na PB; saiba mais"},"content":{"rendered":"\n<p>O cancelamento autom\u00e1tico deve atingir as pessoas que n\u00e3o votaram nas \u00faltimas tr\u00eas elei\u00e7\u00f5es e ainda n\u00e3o justificaram a sua aus\u00eancia&nbsp;Mais de 16 mil eleitores da Para\u00edba podem ter o t\u00edtulo cancelado caso n\u00e3o regularizem a situa\u00e7\u00e3o at\u00e9 a pr\u00f3xima segunda-feira (6).<\/p>\n\n\n\n<p>O cancelamento autom\u00e1tico deve atingir as pessoas&nbsp;que n\u00e3o votaram nas \u00faltimas&nbsp;tr\u00eas elei\u00e7\u00f5es e ainda n\u00e3o justificaram a sua aus\u00eancia.<\/p>\n","protected":false},"excerpt":{"rendered":"<p>O cancelamento autom\u00e1tico deve atingir as pessoas que n\u00e3o votaram nas \u00faltimas tr\u00eas elei\u00e7\u00f5es e ainda n\u00e3o justificaram a sua aus\u00eancia&nbsp;Mais de 16 mil eleitores&hellip; <\/p>\n","protected":false},"author":1,"featured_media":90738,"comment_status":"closed","ping_status":"closed","sticky":false,"template":"","format":"standard","meta":{"sfsi_plus_gutenberg_text_before_share":"","sfsi_plus_gutenberg_show_text_before_share":"","sfsi_plus_gutenberg_icon_type":"","sfsi_plus_gutenberg_icon_alignemt":"","sfsi_plus_gutenburg_max_per_row":"","footnotes":""},"categories":[11],"tags":[],"class_list":["post-93742","post","type-post","status-publish","format-standard","has-post-thumbnail","hentry","category-politica"],"_links":{"self":[{"href":"https:\/\/www.caririemacao.com\/1\/wp-json\/wp\/v2\/posts\/93742","targetHints":{"allow":["GET"]}}],"collection":[{"href":"https:\/\/www.caririemacao.com\/1\/wp-json\/wp\/v2\/posts"}],"about":[{"href":"https:\/\/www.caririemacao.com\/1\/wp-json\/wp\/v2\/types\/post"}],"author":[{"embeddable":true,"href":"https:\/\/www.caririemacao.com\/1\/wp-json\/wp\/v2\/users\/1"}],"replies":[{"embeddable":true,"href":"https:\/\/www.caririemacao.com\/1\/wp-json\/wp\/v2\/comments?post=93742"}],"version-history":[{"count":1,"href":"https:\/\/www.caririemacao.com\/1\/wp-json\/wp\/v2\/posts\/93742\/revisions"}],"predecessor-version":[{"id":93743,"href":"https:\/\/www.caririemacao.com\/1\/wp-json\/wp\/v2\/posts\/93742\/revisions\/93743"}],"wp:featuredmedia":[{"embeddable":true,"href":"https:\/\/www.caririemacao.com\/1\/wp-json\/wp\/v2\/media\/90738"}],"wp:attachment":[{"href":"https:\/\/www.caririemacao.com\/1\/wp-json\/wp\/v2\/media?parent=93742"}],"wp:term":[{"taxonomy":"category","embeddable":true,"href":"https:\/\/www.caririemacao.com\/1\/wp-json\/wp\/v2\/categories?post=93742"},{"taxonomy":"post_tag","embeddable":true,"href":"https:\/\/www.caririemacao.com\/1\/wp-json\/wp\/v2\/tags?post=93742"}],"curies":[{"name":"wp","href":"https:\/\/api.w.org\/{rel}","templated":true}]}}