{"id":93760,"date":"2019-05-03T06:14:04","date_gmt":"2019-05-03T09:14:04","guid":{"rendered":"http:\/\/www.caririemacao.com\/1\/?p=93760"},"modified":"2019-05-03T06:14:04","modified_gmt":"2019-05-03T09:14:04","slug":"joao-azevedo-visita-caraubas-e-boqueirao-nesta-sexta-feira-veja-programacao","status":"publish","type":"post","link":"https:\/\/www.caririemacao.com\/1\/2019\/05\/03\/joao-azevedo-visita-caraubas-e-boqueirao-nesta-sexta-feira-veja-programacao\/","title":{"rendered":"Jo\u00e3o Azev\u00eado visita Cara\u00fabas e Boqueir\u00e3o nesta sexta-feira; veja programa\u00e7\u00e3o"},"content":{"rendered":"\n<p>O governador da Para\u00edba, Jo\u00e3o Azev\u00eado, cumprir\u00e1 agenda administrativa nesta sexta-feira (3), nas cidades de Cara\u00fabas e Boqueir\u00e3o, na regi\u00e3o do Cariri.<\/p>\n\n\n\n<p>\u00c0s 10h, Jo\u00e3o Azev\u00eado vai participar da inaugura\u00e7\u00e3o da Adutora de Cara\u00fabas. \u00c0s 11h, a comitiva do governador segue para visitar as obras da adutora Transparaiba, na cidade de Boqueir\u00e3o<\/p>\n","protected":false},"excerpt":{"rendered":"<p>O governador da Para\u00edba, Jo\u00e3o Azev\u00eado, cumprir\u00e1 agenda administrativa nesta sexta-feira (3), nas cidades de Cara\u00fabas e Boqueir\u00e3o, na regi\u00e3o do Cariri. \u00c0s 10h, Jo\u00e3o&hellip; <\/p>\n","protected":false},"author":1,"featured_media":93761,"comment_status":"closed","ping_status":"closed","sticky":false,"template":"","format":"standard","meta":{"sfsi_plus_gutenberg_text_before_share":"","sfsi_plus_gutenberg_show_text_before_share":"","sfsi_plus_gutenberg_icon_type":"","sfsi_plus_gutenberg_icon_alignemt":"","sfsi_plus_gutenburg_max_per_row":"","footnotes":""},"categories":[50,11],"tags":[],"class_list":["post-93760","post","type-post","status-publish","format-standard","has-post-thumbnail","hentry","category-destaque","category-politica"],"_links":{"self":[{"href":"https:\/\/www.caririemacao.com\/1\/wp-json\/wp\/v2\/posts\/93760","targetHints":{"allow":["GET"]}}],"collection":[{"href":"https:\/\/www.caririemacao.com\/1\/wp-json\/wp\/v2\/posts"}],"about":[{"href":"https:\/\/www.caririemacao.com\/1\/wp-json\/wp\/v2\/types\/post"}],"author":[{"embeddable":true,"href":"https:\/\/www.caririemacao.com\/1\/wp-json\/wp\/v2\/users\/1"}],"replies":[{"embeddable":true,"href":"https:\/\/www.caririemacao.com\/1\/wp-json\/wp\/v2\/comments?post=93760"}],"version-history":[{"count":1,"href":"https:\/\/www.caririemacao.com\/1\/wp-json\/wp\/v2\/posts\/93760\/revisions"}],"predecessor-version":[{"id":93762,"href":"https:\/\/www.caririemacao.com\/1\/wp-json\/wp\/v2\/posts\/93760\/revisions\/93762"}],"wp:featuredmedia":[{"embeddable":true,"href":"https:\/\/www.caririemacao.com\/1\/wp-json\/wp\/v2\/media\/93761"}],"wp:attachment":[{"href":"https:\/\/www.caririemacao.com\/1\/wp-json\/wp\/v2\/media?parent=93760"}],"wp:term":[{"taxonomy":"category","embeddable":true,"href":"https:\/\/www.caririemacao.com\/1\/wp-json\/wp\/v2\/categories?post=93760"},{"taxonomy":"post_tag","embeddable":true,"href":"https:\/\/www.caririemacao.com\/1\/wp-json\/wp\/v2\/tags?post=93760"}],"curies":[{"name":"wp","href":"https:\/\/api.w.org\/{rel}","templated":true}]}}