{"id":93765,"date":"2019-05-03T06:25:15","date_gmt":"2019-05-03T09:25:15","guid":{"rendered":"http:\/\/www.caririemacao.com\/1\/?p=93765"},"modified":"2019-05-03T06:25:15","modified_gmt":"2019-05-03T09:25:15","slug":"reuniao-preparatoria-para-o-orcamento-democratico-estadual-foi-realizada-nessa-noite-02-05-em-zabele","status":"publish","type":"post","link":"https:\/\/www.caririemacao.com\/1\/2019\/05\/03\/reuniao-preparatoria-para-o-orcamento-democratico-estadual-foi-realizada-nessa-noite-02-05-em-zabele\/","title":{"rendered":"Reuni\u00e3o preparat\u00f3ria para o Or\u00e7amento Democr\u00e1tico Estadual foi realizada nessa noite (02\/05) em Zabel\u00ea"},"content":{"rendered":"\n<p>Na noite dessa quinta-feira (02\/05) foi realizado em Zabel\u00ea, reuni\u00e3o&nbsp; preparat\u00f3ria para o or\u00e7amento democr\u00e1tico estadual que ser\u00e1 realizado no pr\u00f3ximo s\u00e1bado (04\/05) em Sum\u00e9-PB. Tivemos a presen\u00e7a de varias autoridades, como o Prefeito Dalyson Neves, Vice Prefeito Z\u00e9 Claudio, Presidente da C\u00e2mara Pedro Evangelista, vereadores, secret\u00e1rios e a popula\u00e7\u00e3o em geral.<br><\/p>\n\n\n\n<figure class=\"wp-block-image\"><a href=\"https:\/\/1.bp.blogspot.com\/-Zgg-sJCu8m4\/XMupeR4KTSI\/AAAAAAAAkfo\/rsTI1IxS4J8PB38kDh-JG2SGKR1Rk1Y3wCLcBGAs\/s1600\/20190502_195508.jpg\"><img decoding=\"async\" data-src=\"https:\/\/1.bp.blogspot.com\/-Zgg-sJCu8m4\/XMupeR4KTSI\/AAAAAAAAkfo\/rsTI1IxS4J8PB38kDh-JG2SGKR1Rk1Y3wCLcBGAs\/s280\/20190502_195508.jpg\" alt=\"\" src=\"data:image\/svg+xml;base64,PHN2ZyB3aWR0aD0iMSIgaGVpZ2h0PSIxIiB4bWxucz0iaHR0cDovL3d3dy53My5vcmcvMjAwMC9zdmciPjwvc3ZnPg==\" class=\"lazyload\" \/><\/a><\/figure>\n\n\n\n<figure class=\"wp-block-image\"><a href=\"https:\/\/1.bp.blogspot.com\/-9gLc-sSJ0nk\/XMupeAHVGWI\/AAAAAAAAkfk\/tvhT7YA1zlcPdha9-0_GqZtlJYAMgpRVACLcBGAs\/s1600\/20190502_201637.jpg\"><img decoding=\"async\" data-src=\"https:\/\/1.bp.blogspot.com\/-9gLc-sSJ0nk\/XMupeAHVGWI\/AAAAAAAAkfk\/tvhT7YA1zlcPdha9-0_GqZtlJYAMgpRVACLcBGAs\/s280\/20190502_201637.jpg\" alt=\"\" src=\"data:image\/svg+xml;base64,PHN2ZyB3aWR0aD0iMSIgaGVpZ2h0PSIxIiB4bWxucz0iaHR0cDovL3d3dy53My5vcmcvMjAwMC9zdmciPjwvc3ZnPg==\" class=\"lazyload\" \/><\/a><\/figure>\n\n\n\n<figure class=\"wp-block-image\"><a href=\"https:\/\/1.bp.blogspot.com\/-qRxYz9W3Nvo\/XMupervPd7I\/AAAAAAAAkfs\/zP5CsiPL8_EEG3t5iFkQHvAOYQ_DH-SsgCLcBGAs\/s1600\/20190502_201649.jpg\"><img decoding=\"async\" data-src=\"https:\/\/1.bp.blogspot.com\/-qRxYz9W3Nvo\/XMupervPd7I\/AAAAAAAAkfs\/zP5CsiPL8_EEG3t5iFkQHvAOYQ_DH-SsgCLcBGAs\/s280\/20190502_201649.jpg\" alt=\"\" src=\"data:image\/svg+xml;base64,PHN2ZyB3aWR0aD0iMSIgaGVpZ2h0PSIxIiB4bWxucz0iaHR0cDovL3d3dy53My5vcmcvMjAwMC9zdmciPjwvc3ZnPg==\" class=\"lazyload\" \/><\/a><\/figure>\n\n\n\n<figure class=\"wp-block-image\"><a href=\"https:\/\/2.bp.blogspot.com\/-AsE9LmSDKQk\/XMupfbkIA6I\/AAAAAAAAkfw\/prF3MKJK8NYTftFR2c60lj3COJYxrURaACLcBGAs\/s1600\/20190502_201702.jpg\"><img decoding=\"async\" data-src=\"https:\/\/2.bp.blogspot.com\/-AsE9LmSDKQk\/XMupfbkIA6I\/AAAAAAAAkfw\/prF3MKJK8NYTftFR2c60lj3COJYxrURaACLcBGAs\/s280\/20190502_201702.jpg\" alt=\"\" src=\"data:image\/svg+xml;base64,PHN2ZyB3aWR0aD0iMSIgaGVpZ2h0PSIxIiB4bWxucz0iaHR0cDovL3d3dy53My5vcmcvMjAwMC9zdmciPjwvc3ZnPg==\" class=\"lazyload\" \/><\/a><\/figure>\n","protected":false},"excerpt":{"rendered":"<p>Na noite dessa quinta-feira (02\/05) foi realizado em Zabel\u00ea, reuni\u00e3o&nbsp; preparat\u00f3ria para o or\u00e7amento democr\u00e1tico estadual que ser\u00e1 realizado no pr\u00f3ximo s\u00e1bado (04\/05) em Sum\u00e9-PB.&hellip; <\/p>\n","protected":false},"author":1,"featured_media":93766,"comment_status":"closed","ping_status":"closed","sticky":false,"template":"","format":"standard","meta":{"sfsi_plus_gutenberg_text_before_share":"","sfsi_plus_gutenberg_show_text_before_share":"","sfsi_plus_gutenberg_icon_type":"","sfsi_plus_gutenberg_icon_alignemt":"","sfsi_plus_gutenburg_max_per_row":"","footnotes":""},"categories":[50,2],"tags":[],"class_list":["post-93765","post","type-post","status-publish","format-standard","has-post-thumbnail","hentry","category-destaque","category-geral"],"_links":{"self":[{"href":"https:\/\/www.caririemacao.com\/1\/wp-json\/wp\/v2\/posts\/93765","targetHints":{"allow":["GET"]}}],"collection":[{"href":"https:\/\/www.caririemacao.com\/1\/wp-json\/wp\/v2\/posts"}],"about":[{"href":"https:\/\/www.caririemacao.com\/1\/wp-json\/wp\/v2\/types\/post"}],"author":[{"embeddable":true,"href":"https:\/\/www.caririemacao.com\/1\/wp-json\/wp\/v2\/users\/1"}],"replies":[{"embeddable":true,"href":"https:\/\/www.caririemacao.com\/1\/wp-json\/wp\/v2\/comments?post=93765"}],"version-history":[{"count":1,"href":"https:\/\/www.caririemacao.com\/1\/wp-json\/wp\/v2\/posts\/93765\/revisions"}],"predecessor-version":[{"id":93767,"href":"https:\/\/www.caririemacao.com\/1\/wp-json\/wp\/v2\/posts\/93765\/revisions\/93767"}],"wp:featuredmedia":[{"embeddable":true,"href":"https:\/\/www.caririemacao.com\/1\/wp-json\/wp\/v2\/media\/93766"}],"wp:attachment":[{"href":"https:\/\/www.caririemacao.com\/1\/wp-json\/wp\/v2\/media?parent=93765"}],"wp:term":[{"taxonomy":"category","embeddable":true,"href":"https:\/\/www.caririemacao.com\/1\/wp-json\/wp\/v2\/categories?post=93765"},{"taxonomy":"post_tag","embeddable":true,"href":"https:\/\/www.caririemacao.com\/1\/wp-json\/wp\/v2\/tags?post=93765"}],"curies":[{"name":"wp","href":"https:\/\/api.w.org\/{rel}","templated":true}]}}