{"id":93771,"date":"2019-05-03T09:43:36","date_gmt":"2019-05-03T12:43:36","guid":{"rendered":"http:\/\/www.caririemacao.com\/1\/?p=93771"},"modified":"2019-05-03T09:43:36","modified_gmt":"2019-05-03T12:43:36","slug":"tce-aprova-contas-de-2017-de-duas-prefeituras-do-cariri","status":"publish","type":"post","link":"https:\/\/www.caririemacao.com\/1\/2019\/05\/03\/tce-aprova-contas-de-2017-de-duas-prefeituras-do-cariri\/","title":{"rendered":"TCE aprova contas de 2017 de duas prefeituras do Cariri"},"content":{"rendered":"\n<p>Reunido em sess\u00e3o ordin\u00e1ria nesta 5\u00aa feira (2), o Pleno do Tribunal de Contas do Estado aprovou as contas das prefeituras municipais de&nbsp;<strong>Amparo<\/strong>, S\u00e3o Jos\u00e9 do Brejo do Cruz e&nbsp;<strong>Camala\u00fa<\/strong>, relativas ao 2017. Santana dos Garrotes e Emas de 2016. O Pleno tamb\u00e9m julgou regulares as contas da Ag\u00eancia Estadual de Vigil\u00e2ncia Sanit\u00e1ria, referentes ao exerc\u00edcio de 2016, sob relatoria do conselheiro Andr\u00e9 Carlo Torres.<\/p>\n\n\n\n<p>Os conselheiros negaram provimento ao Recurso de Reconsidera\u00e7\u00e3o interposto pela ex-prefeita municipal de Bonito de Santa F\u00e9, Alderi de Oliveira Caju, exerc\u00edcio de 2014, face o Ac\u00f3rd\u00e3o APL \u2013 TC \u2013 00298\/17. Com vista ao conselheiro Fernando Cat\u00e3o, o Pleno adiou para a pr\u00f3xima sess\u00e3o a an\u00e1lise do recurso, conjuntamente, apresentado pelos ex-prefeitos de S\u00e3o Jos\u00e9 de Piranhas, Jos\u00e9 Bonaldo Dias de Ara\u00fajo e Domingos Leite da Silva Neto, em virtude de decis\u00f5es consubstanciadas nos pareceres PPL \u2013 TC \u2013 00074\/18 e 00075\/18.<\/p>\n\n\n\n<p>Por falta de pressupostos, a Corte decidiu pelo n\u00e3o conhecimento aos Embargos de Declara\u00e7\u00e3o interpostos pelo ex-prefeito de Jeric\u00f3, Claudeeide de Oliveira Melo, face decis\u00e3o no Ac\u00f3rd\u00e3o APL-TC 00505\/18. Da mesma forma, em rela\u00e7\u00e3o aos embargos manuseados pelo ex-presidente da C\u00e2mara municipal de Aroeiras, Jailson Bezerra de Andrade, referente ao Ac\u00f3rd\u00e3o APL TC 00113\/2019. Quanto a den\u00fancia formulada pela vereadora Ozana Domingos Fernandes, sobre poss\u00edveis irregularidades na gest\u00e3o municipal de Cacimba de Dentro, nos exerc\u00edcios de 2017 e 2018, o TCE entendeu pela improced\u00eancia.<\/p>\n\n\n\n<p><strong>Referendo \u2013<\/strong>&nbsp;O Pleno ainda acompanhou o entendimento do relator, conselheiro Marcos Costa, ao negar referendo \u00e0 Decis\u00e3o Singular DSPL TC n.\u00ba 00028\/2019, relativa a Medida Cautelar que visava suspender o Decreto Municipal n\u00ba 09\/2018 e 01\/04\/2019, editado pelo prefeito municipal de Teixeira, Edmilson Alves dos Reis, sobre prorroga\u00e7\u00e3o de prazo para vig\u00eancia do Decreto que declarou situa\u00e7\u00e3o de emerg\u00eancia no munic\u00edpio, sob a alega\u00e7\u00e3o de grande estiagem. O processo \u00e9 proveniente de den\u00fancia.<\/p>\n\n\n\n<p>O TCE-PB realizou sua 2217\u00aa sess\u00e3o ordin\u00e1ria do Tribunal Pleno, sob a presid\u00eancia do conselheiro Arn\u00f3bio Alves Viana. Presentes os conselheiros Nominando Diniz Filho, Fernando Rodrigues Cat\u00e3o, Andr\u00e9 Carlo Torres Pontes e Marcos Ant\u00f4nio Costa. Tamb\u00e9m os substitutos Oscar Mamede Santiago Melo, Ant\u00f4nio Cl\u00e1udio Silva Santos, Ant\u00f4nio Gomes Vieira Filho e Renato Sergio Santiago Melo. Pelo Minist\u00e9rio P\u00fablico de Contas atuou o procurador geral Luciano Andrade Farias.<\/p>\n","protected":false},"excerpt":{"rendered":"<p>Reunido em sess\u00e3o ordin\u00e1ria nesta 5\u00aa feira (2), o Pleno do Tribunal de Contas do Estado aprovou as contas das prefeituras municipais de&nbsp;Amparo, S\u00e3o Jos\u00e9&hellip; <\/p>\n","protected":false},"author":2,"featured_media":84282,"comment_status":"closed","ping_status":"closed","sticky":false,"template":"","format":"standard","meta":{"sfsi_plus_gutenberg_text_before_share":"","sfsi_plus_gutenberg_show_text_before_share":"","sfsi_plus_gutenberg_icon_type":"","sfsi_plus_gutenberg_icon_alignemt":"","sfsi_plus_gutenburg_max_per_row":"","footnotes":""},"categories":[6,50],"tags":[],"class_list":["post-93771","post","type-post","status-publish","format-standard","has-post-thumbnail","hentry","category-cidades","category-destaque"],"_links":{"self":[{"href":"https:\/\/www.caririemacao.com\/1\/wp-json\/wp\/v2\/posts\/93771","targetHints":{"allow":["GET"]}}],"collection":[{"href":"https:\/\/www.caririemacao.com\/1\/wp-json\/wp\/v2\/posts"}],"about":[{"href":"https:\/\/www.caririemacao.com\/1\/wp-json\/wp\/v2\/types\/post"}],"author":[{"embeddable":true,"href":"https:\/\/www.caririemacao.com\/1\/wp-json\/wp\/v2\/users\/2"}],"replies":[{"embeddable":true,"href":"https:\/\/www.caririemacao.com\/1\/wp-json\/wp\/v2\/comments?post=93771"}],"version-history":[{"count":1,"href":"https:\/\/www.caririemacao.com\/1\/wp-json\/wp\/v2\/posts\/93771\/revisions"}],"predecessor-version":[{"id":93772,"href":"https:\/\/www.caririemacao.com\/1\/wp-json\/wp\/v2\/posts\/93771\/revisions\/93772"}],"wp:featuredmedia":[{"embeddable":true,"href":"https:\/\/www.caririemacao.com\/1\/wp-json\/wp\/v2\/media\/84282"}],"wp:attachment":[{"href":"https:\/\/www.caririemacao.com\/1\/wp-json\/wp\/v2\/media?parent=93771"}],"wp:term":[{"taxonomy":"category","embeddable":true,"href":"https:\/\/www.caririemacao.com\/1\/wp-json\/wp\/v2\/categories?post=93771"},{"taxonomy":"post_tag","embeddable":true,"href":"https:\/\/www.caririemacao.com\/1\/wp-json\/wp\/v2\/tags?post=93771"}],"curies":[{"name":"wp","href":"https:\/\/api.w.org\/{rel}","templated":true}]}}