{"id":93778,"date":"2019-05-03T16:16:20","date_gmt":"2019-05-03T19:16:20","guid":{"rendered":"http:\/\/www.caririemacao.com\/1\/?p=93778"},"modified":"2019-05-03T16:16:20","modified_gmt":"2019-05-03T19:16:20","slug":"sine-monteiro-oferece-vagas-para-a-cidade-de-sume","status":"publish","type":"post","link":"https:\/\/www.caririemacao.com\/1\/2019\/05\/03\/sine-monteiro-oferece-vagas-para-a-cidade-de-sume\/","title":{"rendered":"SINE Monteiro oferece vagas para a cidade de Sum\u00e9"},"content":{"rendered":"\n<p>O SINE Monteiro est\u00e1 oferecendo vagas de emprego para a cidade de Sum\u00e9.<\/p>\n\n\n\n<p>Confira:<\/p>\n\n\n\n<p>02 Vagas de A\u00e7ougueiro<br> 02 Vagas de Auxiliar de Contabilidade<br> 01 Vaga para Gerente Comercial<\/p>\n\n\n\n<p>OBS: Tem que ter Experi\u00eancia <\/p>\n\n\n\n<p>Interessados procurar o SINE munidos de documentos pessoais e curr\u00edculo<br>\nRua Silvino N\u00f3brega de Andrade 36.<br>\nContato: (83) 998633217 Marlene Amorim<\/p>\n","protected":false},"excerpt":{"rendered":"<p>O SINE Monteiro est\u00e1 oferecendo vagas de emprego para a cidade de Sum\u00e9. Confira: 02 Vagas de A\u00e7ougueiro 02 Vagas de Auxiliar de Contabilidade 01&hellip; <\/p>\n","protected":false},"author":2,"featured_media":90342,"comment_status":"closed","ping_status":"closed","sticky":false,"template":"","format":"standard","meta":{"sfsi_plus_gutenberg_text_before_share":"","sfsi_plus_gutenberg_show_text_before_share":"","sfsi_plus_gutenberg_icon_type":"","sfsi_plus_gutenberg_icon_alignemt":"","sfsi_plus_gutenburg_max_per_row":"","footnotes":""},"categories":[2],"tags":[],"class_list":["post-93778","post","type-post","status-publish","format-standard","has-post-thumbnail","hentry","category-geral"],"_links":{"self":[{"href":"https:\/\/www.caririemacao.com\/1\/wp-json\/wp\/v2\/posts\/93778","targetHints":{"allow":["GET"]}}],"collection":[{"href":"https:\/\/www.caririemacao.com\/1\/wp-json\/wp\/v2\/posts"}],"about":[{"href":"https:\/\/www.caririemacao.com\/1\/wp-json\/wp\/v2\/types\/post"}],"author":[{"embeddable":true,"href":"https:\/\/www.caririemacao.com\/1\/wp-json\/wp\/v2\/users\/2"}],"replies":[{"embeddable":true,"href":"https:\/\/www.caririemacao.com\/1\/wp-json\/wp\/v2\/comments?post=93778"}],"version-history":[{"count":1,"href":"https:\/\/www.caririemacao.com\/1\/wp-json\/wp\/v2\/posts\/93778\/revisions"}],"predecessor-version":[{"id":93836,"href":"https:\/\/www.caririemacao.com\/1\/wp-json\/wp\/v2\/posts\/93778\/revisions\/93836"}],"wp:featuredmedia":[{"embeddable":true,"href":"https:\/\/www.caririemacao.com\/1\/wp-json\/wp\/v2\/media\/90342"}],"wp:attachment":[{"href":"https:\/\/www.caririemacao.com\/1\/wp-json\/wp\/v2\/media?parent=93778"}],"wp:term":[{"taxonomy":"category","embeddable":true,"href":"https:\/\/www.caririemacao.com\/1\/wp-json\/wp\/v2\/categories?post=93778"},{"taxonomy":"post_tag","embeddable":true,"href":"https:\/\/www.caririemacao.com\/1\/wp-json\/wp\/v2\/tags?post=93778"}],"curies":[{"name":"wp","href":"https:\/\/api.w.org\/{rel}","templated":true}]}}