{"id":93779,"date":"2019-05-03T14:12:09","date_gmt":"2019-05-03T17:12:09","guid":{"rendered":"http:\/\/www.caririemacao.com\/1\/?p=93779"},"modified":"2019-05-03T14:12:09","modified_gmt":"2019-05-03T17:12:09","slug":"festival-do-umbu-em-sume-promove-a-valorizacao-da-fruta-e-seus-derivados","status":"publish","type":"post","link":"https:\/\/www.caririemacao.com\/1\/2019\/05\/03\/festival-do-umbu-em-sume-promove-a-valorizacao-da-fruta-e-seus-derivados\/","title":{"rendered":"Festival do Umbu em Sum\u00e9 promove a valoriza\u00e7\u00e3o da fruta e seus derivados"},"content":{"rendered":"\n<p>A Escola Agrot\u00e9cnica de Sum\u00e9 ganhou mais vida na manh\u00e3 de quinta-feira (02) com a abertura do 9\u00b0 Festival do Umbu que contou com a presen\u00e7a de estudantes, professores, agricultores familiares e ainda do prefeito \u00c9den Duarte, da secret\u00e1ria Tanniery L\u00eala e do vereador Daniel L\u00eala.<\/p>\n\n\n\n<p>Gincanas culturais, exposi\u00e7\u00f5es tem\u00e1ticas, teatrinho do solo, escolha do garoto e da garota do Festival do Umbu, exposi\u00e7\u00e3o e venda de produtos derivados da fruta e palestras dos professores, Daniel Duarte, Adriana Meira e do t\u00e9cnico Jos\u00e9 Rom\u00e9rio marcaram o primeiro dia do Festival.<\/p>\n\n\n\n<p>Durante a abertura, o prefeito \u00c9den destacou a import\u00e2ncia de se preservar a planta, s\u00edmbolo da regi\u00e3o. \u201cO festival vem nos provocar para o despertar coletivo, porque muitas vezes n\u00f3s temos o fruto dispon\u00edvel, mas por falta de instru\u00e7\u00e3o, n\u00e3o sabemos como lidar com ele e o evento tem esse prop\u00f3sito, mostrar as potencialidades do umbu e promover a agricultura familiar.<\/p>\n\n\n\n<p>A presidente da Associa\u00e7\u00e3o Carimbu, Nazar\u00e9 Alves, disse que o evento d\u00e1 oportunidade para os jovens entenderem a import\u00e2ncia do valor agregado \u00e0 planta e repassarem essa mensagem adiante.<\/p>\n\n\n\n<p>Nesta sexta-feira (03), pela manh\u00e3, as a\u00e7\u00f5es aconteceram no Distrito de Pio X. \u00c0 tarde, na Escola Agrot\u00e9cnica com os minicursos e oficinas e o 1\u00b0 Concurso de Gastronomia do Festival que tem por objetivo incentivar a culin\u00e1ria do umbu em diversas receitas.<\/p>\n\n\n\n<p>Tem\u00e1ticas como: \u201cA import\u00e2ncia das estat\u00edsticas agropecu\u00e1rias para cadeia produtiva do umbuzeiro\u201d; \u201cExperi\u00eancias da Associa\u00e7\u00e3o Carimbu: da preserva\u00e7\u00e3o ambiental \u00e0 comercializa\u00e7\u00e3o; Pr\u00e1ticas e t\u00e9cnicas de reprodu\u00e7\u00e3o do umbuzeiro\u201d, s\u00e3o alguns dos temas.<\/p>\n\n\n\n<p>\u00c0 noite, a partir das 19h30, na Pra\u00e7a Jos\u00e9 Am\u00e9rico, tem as apresenta\u00e7\u00f5es dos violeiros Evaldo Severino e Evaldo Filho e forr\u00f3 com Gabriel do Acordeon.<\/p>\n\n\n\n<p>O Festival do Umbu continua na pr\u00f3xima segunda-feira (06), no Mercado P\u00fablico, com vendas de produtos derivados do umbu e forr\u00f3 p\u00e9 de serra.<\/p>\n\n\n\n<p>Este ano o evento conta com o apoio do Governo da Para\u00edba\/EMPAER, INSA, CDSA\/UFCG, UFPB e Agendha.<\/p>\n\n\n\n<p>Ascom<\/p>\n","protected":false},"excerpt":{"rendered":"<p>A Escola Agrot\u00e9cnica de Sum\u00e9 ganhou mais vida na manh\u00e3 de quinta-feira (02) com a abertura do 9\u00b0 Festival do Umbu que contou com a&hellip; <\/p>\n","protected":false},"author":1,"featured_media":93780,"comment_status":"closed","ping_status":"closed","sticky":false,"template":"","format":"standard","meta":{"sfsi_plus_gutenberg_text_before_share":"","sfsi_plus_gutenberg_show_text_before_share":"","sfsi_plus_gutenberg_icon_type":"","sfsi_plus_gutenberg_icon_alignemt":"","sfsi_plus_gutenburg_max_per_row":"","footnotes":""},"categories":[14],"tags":[],"class_list":["post-93779","post","type-post","status-publish","format-standard","has-post-thumbnail","hentry","category-educacao"],"_links":{"self":[{"href":"https:\/\/www.caririemacao.com\/1\/wp-json\/wp\/v2\/posts\/93779","targetHints":{"allow":["GET"]}}],"collection":[{"href":"https:\/\/www.caririemacao.com\/1\/wp-json\/wp\/v2\/posts"}],"about":[{"href":"https:\/\/www.caririemacao.com\/1\/wp-json\/wp\/v2\/types\/post"}],"author":[{"embeddable":true,"href":"https:\/\/www.caririemacao.com\/1\/wp-json\/wp\/v2\/users\/1"}],"replies":[{"embeddable":true,"href":"https:\/\/www.caririemacao.com\/1\/wp-json\/wp\/v2\/comments?post=93779"}],"version-history":[{"count":1,"href":"https:\/\/www.caririemacao.com\/1\/wp-json\/wp\/v2\/posts\/93779\/revisions"}],"predecessor-version":[{"id":93781,"href":"https:\/\/www.caririemacao.com\/1\/wp-json\/wp\/v2\/posts\/93779\/revisions\/93781"}],"wp:featuredmedia":[{"embeddable":true,"href":"https:\/\/www.caririemacao.com\/1\/wp-json\/wp\/v2\/media\/93780"}],"wp:attachment":[{"href":"https:\/\/www.caririemacao.com\/1\/wp-json\/wp\/v2\/media?parent=93779"}],"wp:term":[{"taxonomy":"category","embeddable":true,"href":"https:\/\/www.caririemacao.com\/1\/wp-json\/wp\/v2\/categories?post=93779"},{"taxonomy":"post_tag","embeddable":true,"href":"https:\/\/www.caririemacao.com\/1\/wp-json\/wp\/v2\/tags?post=93779"}],"curies":[{"name":"wp","href":"https:\/\/api.w.org\/{rel}","templated":true}]}}