{"id":93783,"date":"2019-05-03T14:15:46","date_gmt":"2019-05-03T17:15:46","guid":{"rendered":"http:\/\/www.caririemacao.com\/1\/?p=93783"},"modified":"2019-05-03T14:15:46","modified_gmt":"2019-05-03T17:15:46","slug":"vereador-e-assassinado-a-tiros-em-frente-a-camara-municipal","status":"publish","type":"post","link":"https:\/\/www.caririemacao.com\/1\/2019\/05\/03\/vereador-e-assassinado-a-tiros-em-frente-a-camara-municipal\/","title":{"rendered":"Vereador \u00e9 assassinado a tiros em frente \u00e0 C\u00e2mara Municipal"},"content":{"rendered":"\n<p>O vereador da cidade de Natuba, Ant\u00f4nio de Sousa (PTB), conhecido como \u2018Ant\u00f4nio do Cart\u00f3rio\u2019, foi assassinado a a tiros, nesta sexta-feira (3), em frente da C\u00e2mara Municipal.<\/p>\n\n\n\n<p>Ele estava saindo do pr\u00e9dio do Poder Legislativo ap\u00f3s uma sess\u00e3o quando sofreu os disparos efetuados por dois homens que estavam em uma motocicleta.<\/p>\n\n\n\n<p>Ferido ele ainda foi socorrido pelo Servi\u00e7o de Atendimento M\u00f3vel de Urg\u00eancia (SAMU) para o hospital da cidade, mas n\u00e3o resistiu e morreu.<\/p>\n\n\n\n<p>A Pol\u00edcia Civil e a Pol\u00edcia Militar foram acionadas e realizam dilig\u00eancias na cidade. As autorias e os motivos do crime ainda s\u00e3o desconhecidos.<\/p>\n\n\n\n<p><strong>MaisPB<\/strong><\/p>\n","protected":false},"excerpt":{"rendered":"<p>O vereador da cidade de Natuba, Ant\u00f4nio de Sousa (PTB), conhecido como \u2018Ant\u00f4nio do Cart\u00f3rio\u2019, foi assassinado a a tiros, nesta sexta-feira (3), em frente&hellip; <\/p>\n","protected":false},"author":1,"featured_media":89112,"comment_status":"closed","ping_status":"closed","sticky":false,"template":"","format":"standard","meta":{"sfsi_plus_gutenberg_text_before_share":"","sfsi_plus_gutenberg_show_text_before_share":"","sfsi_plus_gutenberg_icon_type":"","sfsi_plus_gutenberg_icon_alignemt":"","sfsi_plus_gutenburg_max_per_row":"","footnotes":""},"categories":[50,12],"tags":[],"class_list":["post-93783","post","type-post","status-publish","format-standard","has-post-thumbnail","hentry","category-destaque","category-policia"],"_links":{"self":[{"href":"https:\/\/www.caririemacao.com\/1\/wp-json\/wp\/v2\/posts\/93783","targetHints":{"allow":["GET"]}}],"collection":[{"href":"https:\/\/www.caririemacao.com\/1\/wp-json\/wp\/v2\/posts"}],"about":[{"href":"https:\/\/www.caririemacao.com\/1\/wp-json\/wp\/v2\/types\/post"}],"author":[{"embeddable":true,"href":"https:\/\/www.caririemacao.com\/1\/wp-json\/wp\/v2\/users\/1"}],"replies":[{"embeddable":true,"href":"https:\/\/www.caririemacao.com\/1\/wp-json\/wp\/v2\/comments?post=93783"}],"version-history":[{"count":1,"href":"https:\/\/www.caririemacao.com\/1\/wp-json\/wp\/v2\/posts\/93783\/revisions"}],"predecessor-version":[{"id":93784,"href":"https:\/\/www.caririemacao.com\/1\/wp-json\/wp\/v2\/posts\/93783\/revisions\/93784"}],"wp:featuredmedia":[{"embeddable":true,"href":"https:\/\/www.caririemacao.com\/1\/wp-json\/wp\/v2\/media\/89112"}],"wp:attachment":[{"href":"https:\/\/www.caririemacao.com\/1\/wp-json\/wp\/v2\/media?parent=93783"}],"wp:term":[{"taxonomy":"category","embeddable":true,"href":"https:\/\/www.caririemacao.com\/1\/wp-json\/wp\/v2\/categories?post=93783"},{"taxonomy":"post_tag","embeddable":true,"href":"https:\/\/www.caririemacao.com\/1\/wp-json\/wp\/v2\/tags?post=93783"}],"curies":[{"name":"wp","href":"https:\/\/api.w.org\/{rel}","templated":true}]}}