{"id":93787,"date":"2019-05-03T14:19:31","date_gmt":"2019-05-03T17:19:31","guid":{"rendered":"http:\/\/www.caririemacao.com\/1\/?p=93787"},"modified":"2019-05-03T14:19:31","modified_gmt":"2019-05-03T17:19:31","slug":"iel-pb-selecionara-estagiarios-para-atuacao-em-reparticoes-no-municipio-de-gurjao","status":"publish","type":"post","link":"https:\/\/www.caririemacao.com\/1\/2019\/05\/03\/iel-pb-selecionara-estagiarios-para-atuacao-em-reparticoes-no-municipio-de-gurjao\/","title":{"rendered":"IEL PB selecionar\u00e1 estagi\u00e1rios para atua\u00e7\u00e3o em reparti\u00e7\u00f5es no munic\u00edpio de Gurj\u00e3o"},"content":{"rendered":"\n<p>Nesta quarta-feira, 19\/02 o superintendente do Instituto Euvaldo Lodi \u2013IEL, n\u00facleo regional da Para\u00edba, Euler Sales, e o prefeito do munic\u00edpio de Gurj\u00e3o, Ronaldo Ramos de Queiroz assinaram Contrato de Concess\u00e3o de Programas de Est\u00e1gios.<\/p>\n\n\n\n<p>Pelo contrato ser\u00e3o ofertadas 20 vagas de est\u00e1gios para estudantes do munic\u00edpio que estejam regularmente matriculados em cursos de n\u00edvel superior, sendo 50% das vagas destinadas a estudantes de baixa renda.<\/p>\n\n\n\n<p>O preenchimento das vagas ser\u00e1 mediante processo seletivo definido em regulamento pr\u00f3prio a ser divulgado no pr\u00f3ximo dia 11 de mar\u00e7o.<\/p>\n\n\n\n<p>Os estagi\u00e1rios selecionados cumprir\u00e3o uma carga hor\u00e1ria semanal de 30h, em reparti\u00e7\u00f5es do munic\u00edpio, e receber\u00e3o uma bolsa aux\u00edlio no valor de R$ 250,00.<\/p>\n\n\n\n<p>Para o superintendente do IEL\/PB, Euler Sales, o Instituto vem se consolidando como Agente de Integra\u00e7\u00e3o em Programas de Est\u00e1gios junto as Prefeituras dos munic\u00edpios paraibanos. \u201cO IEL tem sido reconhecido cada vez mais pela capacidade de fazer gest\u00e3o de programas de Est\u00e1gio, prova disto \u00e9 que j\u00e1 celebramos parcerias com v\u00e1rias prefeituras paraibanas, e at\u00e9 com o Tribunal de Contas do Estado, cujo programa \u00e9 administrado pelo Instituto\u201d, ressaltou.<\/p>\n\n\n\n<p>Segundo o prefeito de Gurj\u00e3o, o programa de Est\u00e1gio vai gerar oportunidades para muitos jovens do munic\u00edpio. \u201dOs estudantes da cidade de Gurj\u00e3o, ganhar\u00e3o novas perspectivas de crescimento profissional, uma vez que poder\u00e3o por em pr\u00e1tica atrav\u00e9s do est\u00e1gio aquele conhecimento adquirido em sala de aula, e ainda ampliar\u00e3o a oportunidade de ingressarem no mercado de trabalho\u201d, disse.<\/p>\n\n\n\n<p>As contrata\u00e7\u00f5es ser\u00e3o iniciadas no pr\u00f3ximo m\u00eas de abril. Outras informa\u00e7\u00f5es sobre o Processo Seletivo poder\u00e3o ser obtidas atrav\u00e9s dos telefones: (83) 3099-1010\/2020.<\/p>\n\n\n\n<p><em>Com Assessoria FIEP<\/em><\/p>\n","protected":false},"excerpt":{"rendered":"<p>Nesta quarta-feira, 19\/02 o superintendente do Instituto Euvaldo Lodi \u2013IEL, n\u00facleo regional da Para\u00edba, Euler Sales, e o prefeito do munic\u00edpio de Gurj\u00e3o, Ronaldo Ramos&hellip; <\/p>\n","protected":false},"author":1,"featured_media":93788,"comment_status":"closed","ping_status":"closed","sticky":false,"template":"","format":"standard","meta":{"sfsi_plus_gutenberg_text_before_share":"","sfsi_plus_gutenberg_show_text_before_share":"","sfsi_plus_gutenberg_icon_type":"","sfsi_plus_gutenberg_icon_alignemt":"","sfsi_plus_gutenburg_max_per_row":"","footnotes":""},"categories":[6],"tags":[],"class_list":["post-93787","post","type-post","status-publish","format-standard","has-post-thumbnail","hentry","category-cidades"],"_links":{"self":[{"href":"https:\/\/www.caririemacao.com\/1\/wp-json\/wp\/v2\/posts\/93787","targetHints":{"allow":["GET"]}}],"collection":[{"href":"https:\/\/www.caririemacao.com\/1\/wp-json\/wp\/v2\/posts"}],"about":[{"href":"https:\/\/www.caririemacao.com\/1\/wp-json\/wp\/v2\/types\/post"}],"author":[{"embeddable":true,"href":"https:\/\/www.caririemacao.com\/1\/wp-json\/wp\/v2\/users\/1"}],"replies":[{"embeddable":true,"href":"https:\/\/www.caririemacao.com\/1\/wp-json\/wp\/v2\/comments?post=93787"}],"version-history":[{"count":1,"href":"https:\/\/www.caririemacao.com\/1\/wp-json\/wp\/v2\/posts\/93787\/revisions"}],"predecessor-version":[{"id":93789,"href":"https:\/\/www.caririemacao.com\/1\/wp-json\/wp\/v2\/posts\/93787\/revisions\/93789"}],"wp:featuredmedia":[{"embeddable":true,"href":"https:\/\/www.caririemacao.com\/1\/wp-json\/wp\/v2\/media\/93788"}],"wp:attachment":[{"href":"https:\/\/www.caririemacao.com\/1\/wp-json\/wp\/v2\/media?parent=93787"}],"wp:term":[{"taxonomy":"category","embeddable":true,"href":"https:\/\/www.caririemacao.com\/1\/wp-json\/wp\/v2\/categories?post=93787"},{"taxonomy":"post_tag","embeddable":true,"href":"https:\/\/www.caririemacao.com\/1\/wp-json\/wp\/v2\/tags?post=93787"}],"curies":[{"name":"wp","href":"https:\/\/api.w.org\/{rel}","templated":true}]}}