{"id":93794,"date":"2019-05-03T14:25:28","date_gmt":"2019-05-03T17:25:28","guid":{"rendered":"http:\/\/www.caririemacao.com\/1\/?p=93794"},"modified":"2019-05-03T14:25:28","modified_gmt":"2019-05-03T17:25:28","slug":"ufcg-vai-realizar-novo-concurso-para-servidores-e-estuda-medidas-apos-corte-do-mec","status":"publish","type":"post","link":"https:\/\/www.caririemacao.com\/1\/2019\/05\/03\/ufcg-vai-realizar-novo-concurso-para-servidores-e-estuda-medidas-apos-corte-do-mec\/","title":{"rendered":"UFCG vai realizar novo concurso para servidores e estuda medidas ap\u00f3s corte do MEC"},"content":{"rendered":"\n<p>A Universidade Federal de Campina Grande (UFCG), que tem sete campi na Para\u00edba, vai priorizar o funcionamento das atividades de sala de aula e promover cortes no custeio, ap\u00f3s o an\u00fancio feito pelo Minist\u00e9rio da Educa\u00e7\u00e3o de um corte linear na ordem de 30% nas universidades federais. A UFPB estima que o limite de empenhos do custeio para funcionamento da institui\u00e7\u00e3o deve ficar em 70% no ano. O secret\u00e1rio de Planejamento e vice-reitor da institui\u00e7\u00e3o, professor Camilo Farias, disse que a universidade j\u00e1 vem enfrentando contingenciamentos em seu or\u00e7amento, por isso espera que o governo reverta a situa\u00e7\u00e3o.&nbsp;<br><\/p>\n\n\n\n<p>&#8220;Primeiro, a gente espera que o governo consiga contornar, ter arrecada\u00e7\u00e3o, e que a gente consiga ter realmente os 100% de custeio no final do ano. A gente realmente tem essa esperan\u00e7a. Agora, se esse corte for mantido, de 30% no final do ano, a\u00ed n\u00e3o tem como a universidade funcionar, a gente j\u00e1 est\u00e1 fazendo uma avalia\u00e7\u00e3o sobre o que a gente tem como prioridade, o funcionamento na sala de aula \u00e9 a nossa principal prioridade, ent\u00e3o a gente tem que trabalhar para fazer as despesas fixas, manter o funcionamento m\u00ednimo na terceiriza\u00e7\u00e3o porque a gente n\u00e3o tem servidores t\u00e9cnico-administrativos suficientes para atender em todas as \u00e1reas, ent\u00e3o a gente precisa do servi\u00e7o terceirizado&#8221;, afirmou o secret\u00e1rio de Planejamento.&nbsp; &nbsp;&nbsp;<\/p>\n\n\n\n<p>Entre as medidas estudadas, est\u00e3o redu\u00e7\u00e3o consumo de combust\u00edvel, diminui\u00e7\u00e3o na participa\u00e7\u00e3o em eventos, reavaliar as terceiriza\u00e7\u00f5es (vigil\u00e2ncia, seguran\u00e7a patrimonial, limpeza, motorista, apoio administrativo, entre outros). Essas medidas ser\u00e3o discutidas pela administra\u00e7\u00e3o da UFCG. &#8220;A gente j\u00e1 vem no limite com o valor de 100%, imagine com o corte&#8221;, observou. Camilo Farias explicou que antes do corte ser anunciado pelo MEC, a universidade j\u00e1 trabalhava sob contingenciamento. Existe um limite de empenho atualmente na ordem de 40% no custeio, at\u00e9 o meio do ano, e outros 40% para o segundo semestre.&nbsp;<\/p>\n\n\n\n<p>O secret\u00e1rio de Planejamento da institui\u00e7\u00e3o, professor Camilo Farias, informou ao Portal ClickPB que a UFCG estuda realizar um novo concurso para servidores t\u00e9cnico-administrativos, pois o \u00faltimo que foi realizado pela institui\u00e7\u00e3o em 2016 teve sua vig\u00eancia expirada em dezembro do ano passado.&nbsp;<\/p>\n\n\n\n<blockquote class=\"wp-block-quote is-layout-flow wp-block-quote-is-layout-flow\"><p>&#8220;O nosso concurso terminou agora em dezembro a sua validade, ent\u00e3o a gente est\u00e1 em fase de estudos para abertura de um novo concurso. Mas, por enquanto, n\u00e3o estamos com nenhum concurso aberto, em termos de servidores t\u00e9cnico-administrativos&#8221;, disse o secret\u00e1rio de Planejamento, o vice-reitor Camilo Farias, ao Portal ClickPB.&nbsp;<\/p><\/blockquote>\n\n\n\n<p>A pretens\u00e3o \u00e9 lan\u00e7ar concurso para servidores t\u00e9cnico-administrativos ainda este ano, no primeiro semestre,&nbsp;para recompor as aposentadorias. &#8220;A gente j\u00e1 vai abrir concurso novamente, o mais r\u00e1pido poss\u00edvel&#8221;, disse. Atualmente, a UFCG possui 1.435 t\u00e9cnicos administrativos.&nbsp;&nbsp;<\/p>\n\n\n\n<p>&#8220;Hoje, a gente pode empenhar 40% do nosso or\u00e7amento, em custeio, at\u00e9 o meio do ano. Hoje, o contingenciamento est\u00e1 em 60% no custeio&#8221;, explicou. Fora isso, tamb\u00e9m est\u00e3o entre as principais rubricas de custeio quase R$ 17 milh\u00f5es destinados a assist\u00eancia estudantil, al\u00e9m de R$ 10,5 milh\u00f5es para reestrutura\u00e7\u00e3o e moderniza\u00e7\u00e3o.&nbsp; &nbsp;&nbsp;<\/p>\n\n\n\n<p>J\u00e1 em despesa de capital, para equipamentos, obras, entre outros investimentos, a UFCG tem hoje apenas 20% dos recursos liberados. De um or\u00e7amento em torno de R$ 5.555.742 milh\u00f5es, a UFCG prev\u00ea poder utilizar R$ 2.906 milh\u00f5es, enquanto R$ 2.650.406 milh\u00f5es est\u00e3o bloqueados (47,7%). Mas, desses&nbsp;R$ 2.906 milh\u00f5es de capital, no momento s\u00f3 est\u00e3o liberados 20%. &#8220;E&nbsp;n\u00e3o tem perspectiva alguma de libera\u00e7\u00e3o porque, normalmente, o governo v\u00ea investimento como uma despesa que vai causar despesa de custeio l\u00e1 na frente&#8221;, disse.&nbsp;<\/p>\n\n\n\n<p>O or\u00e7amento total da UFCG \u00e9 R$ 711 milh\u00f5es, incluindo pessoal ativo, inativo, pensionista, cumprimento de senten\u00e7as judiciais.&nbsp;<\/p>\n","protected":false},"excerpt":{"rendered":"<p>A Universidade Federal de Campina Grande (UFCG), que tem sete campi na Para\u00edba, vai priorizar o funcionamento das atividades de sala de aula e promover&hellip; <\/p>\n","protected":false},"author":1,"featured_media":50746,"comment_status":"closed","ping_status":"closed","sticky":false,"template":"","format":"standard","meta":{"sfsi_plus_gutenberg_text_before_share":"","sfsi_plus_gutenberg_show_text_before_share":"","sfsi_plus_gutenberg_icon_type":"","sfsi_plus_gutenberg_icon_alignemt":"","sfsi_plus_gutenburg_max_per_row":"","footnotes":""},"categories":[14],"tags":[],"class_list":["post-93794","post","type-post","status-publish","format-standard","has-post-thumbnail","hentry","category-educacao"],"_links":{"self":[{"href":"https:\/\/www.caririemacao.com\/1\/wp-json\/wp\/v2\/posts\/93794","targetHints":{"allow":["GET"]}}],"collection":[{"href":"https:\/\/www.caririemacao.com\/1\/wp-json\/wp\/v2\/posts"}],"about":[{"href":"https:\/\/www.caririemacao.com\/1\/wp-json\/wp\/v2\/types\/post"}],"author":[{"embeddable":true,"href":"https:\/\/www.caririemacao.com\/1\/wp-json\/wp\/v2\/users\/1"}],"replies":[{"embeddable":true,"href":"https:\/\/www.caririemacao.com\/1\/wp-json\/wp\/v2\/comments?post=93794"}],"version-history":[{"count":1,"href":"https:\/\/www.caririemacao.com\/1\/wp-json\/wp\/v2\/posts\/93794\/revisions"}],"predecessor-version":[{"id":93795,"href":"https:\/\/www.caririemacao.com\/1\/wp-json\/wp\/v2\/posts\/93794\/revisions\/93795"}],"wp:featuredmedia":[{"embeddable":true,"href":"https:\/\/www.caririemacao.com\/1\/wp-json\/wp\/v2\/media\/50746"}],"wp:attachment":[{"href":"https:\/\/www.caririemacao.com\/1\/wp-json\/wp\/v2\/media?parent=93794"}],"wp:term":[{"taxonomy":"category","embeddable":true,"href":"https:\/\/www.caririemacao.com\/1\/wp-json\/wp\/v2\/categories?post=93794"},{"taxonomy":"post_tag","embeddable":true,"href":"https:\/\/www.caririemacao.com\/1\/wp-json\/wp\/v2\/tags?post=93794"}],"curies":[{"name":"wp","href":"https:\/\/api.w.org\/{rel}","templated":true}]}}