{"id":93798,"date":"2019-05-03T14:28:05","date_gmt":"2019-05-03T17:28:05","guid":{"rendered":"http:\/\/www.caririemacao.com\/1\/?p=93798"},"modified":"2019-05-03T14:28:05","modified_gmt":"2019-05-03T17:28:05","slug":"ibge-producao-industrial-recua-13-em-marco","status":"publish","type":"post","link":"https:\/\/www.caririemacao.com\/1\/2019\/05\/03\/ibge-producao-industrial-recua-13-em-marco\/","title":{"rendered":"IBGE: Produ\u00e7\u00e3o industrial recua 1,3% em mar\u00e7o"},"content":{"rendered":"\n<p>A produ\u00e7\u00e3o industrial brasileira registrou em mar\u00e7o uma queda de 1,3%, na compara\u00e7\u00e3o com fevereiro, eliminando o crescimento de 0,6% observado no m\u00eas anterior, segundo divulgou nesta sexta-feira (3) o Instituto Brasileiro de Geografia e Estat\u00edstica (IBGE). Com mais esse resultado negativo, o setor passou a acumular queda de 2,2% no ano.<\/p>\n\n\n\n<p>Trata-se do pior resultado mensal desde setembro do ano passado, quando houve queda de 2,1% na produ\u00e7\u00e3o do setor.<\/p>\n\n\n\n<p>Na compara\u00e7\u00e3o com mar\u00e7o do ano passado, a ind\u00fastria caiu 6,1%, queda anual mais intensa desde maio de 2018 (-6,3%).<\/p>\n\n\n\n<p>O resultado de mar\u00e7o veio pior que o esperado pelo mercado. As expectativas em pesquisa da Reuters eram de quedas de 0,7% na compara\u00e7\u00e3o mensal e de 4,6% na base anual.<\/p>\n\n\n\n<figure class=\"wp-block-image\"><img decoding=\"async\" data-src=\"https:\/\/www.clickpb.com.br\/media\/filer_public\/00\/1a\/001acd2a-5fee-4391-9431-ff5125264ba6\/producao_industrial.png\" alt=\"\" src=\"data:image\/svg+xml;base64,PHN2ZyB3aWR0aD0iMSIgaGVpZ2h0PSIxIiB4bWxucz0iaHR0cDovL3d3dy53My5vcmcvMjAwMC9zdmciPjwvc3ZnPg==\" class=\"lazyload\" \/><\/figure>\n\n\n\n<pre class=\"wp-block-preformatted\">Fonte: IBGE<\/pre>\n\n\n\n<p>No acumulado em 12 meses, o setor passou a ter queda de 0,1% \u2013 primeiro resultado negativo desde agosto de 2017 (quando tamb\u00e9m recuou 0,1%), o que confirma a leitura de perda de ritmo e maior fraqueza da economia brasileira.<\/p>\n\n\n\n<p>Ap\u00f3s esbo\u00e7ar uma recupera\u00e7\u00e3o no come\u00e7o do ano passado, o setor voltou a entrar em uma trajet\u00f3ria descendente em julho de 2018 e, desde ent\u00e3o, vem mostrando perda de dinamismo.<\/p>\n\n\n\n<p><strong>Sem sinais de recupera\u00e7\u00e3o<\/strong><\/p>\n\n\n\n<p>Com o resultado de mar\u00e7o, o patamar de produ\u00e7\u00e3o da ind\u00fastria brasileira ainda segue 17,6% abaixo de seu ponto mais alto, alcan\u00e7ado maio de 2011.<\/p>\n\n\n\n<p>&#8220;\u00c9 como se a gente estivesse em janeiro de 2009\u201d, resumiu o gerente da pesquisa, Andr\u00e9 Macedo, destacando que apesar do elevado n\u00edvel de ociosidade ind\u00fastria, a demanda tamb\u00e9m n\u00e3o tem crescido.<\/p>\n\n\n\n<p>&#8220;Dado que a gente observa todos esses indicadores no campo negativo, podemos dizer que estamos longe de pensar em qualquer trajet\u00f3ria de recupera\u00e7\u00e3o, que dir\u00e1 de uma recupera\u00e7\u00e3o consistente\u201d, avaliou<\/p>\n\n\n\n<p><strong>Queda de 0,7% no 1\u00ba trimestre<\/strong><\/p>\n\n\n\n<p>Na an\u00e1lise trimestral, a produ\u00e7\u00e3o industrial registrou queda de 0,7%, na compara\u00e7\u00e3o com o 4\u00ba trimestre de 2018. J\u00e1 na compara\u00e7\u00e3o com os 3 primeiros meses do ano passado, o recuo foi de 2,2%.<\/p>\n\n\n\n<p>\u201cEste \u00e9 o resultado negativo mais intenso desde o 4\u00ba trimestre de 2016, quando havia recuado 3,1% em rela\u00e7\u00e3o ao mesmo trimestre do ano anterior\u201d, destacou o gerente da pesquisa. \u201cDesde o 4\u00ba de 2017, quando a ind\u00fastria crescia 5%, o setor vem numa trajet\u00f3ria de redu\u00e7\u00e3o de ritmo\u201d, acrescentou.<\/p>\n\n\n\n<figure class=\"wp-block-image\"><img decoding=\"async\" data-src=\"https:\/\/www.clickpb.com.br\/media\/filer_public\/35\/09\/350973ac-7017-4ae6-90ce-22076a175dbb\/producao_industrial2.png\" alt=\"\" src=\"data:image\/svg+xml;base64,PHN2ZyB3aWR0aD0iMSIgaGVpZ2h0PSIxIiB4bWxucz0iaHR0cDovL3d3dy53My5vcmcvMjAwMC9zdmciPjwvc3ZnPg==\" class=\"lazyload\" \/><\/figure>\n\n\n\n<pre class=\"wp-block-preformatted\">Fonte:IBGE\n\n<\/pre>\n\n\n\n<p>Questionado sobre as raz\u00f5es para a piora da produ\u00e7\u00e3o industrial no pa\u00eds, o gerente da pesquisa apontou para a conjuntura econ\u00f4mica do pa\u00eds, com o mercado de trabalho afetando o consumo das fam\u00edlias, o que influencia nas decis\u00f5es de investimento por parte dos empres\u00e1rios. \u201cH\u00e1 outros fatores que tamb\u00e9m impactam nessa produ\u00e7\u00e3o, como a redu\u00e7\u00e3o de exporta\u00e7\u00f5es importantes\u201d, acrescentou.<\/p>\n","protected":false},"excerpt":{"rendered":"<p>A produ\u00e7\u00e3o industrial brasileira registrou em mar\u00e7o uma queda de 1,3%, na compara\u00e7\u00e3o com fevereiro, eliminando o crescimento de 0,6% observado no m\u00eas anterior, segundo&hellip; <\/p>\n","protected":false},"author":1,"featured_media":93799,"comment_status":"closed","ping_status":"closed","sticky":false,"template":"","format":"standard","meta":{"sfsi_plus_gutenberg_text_before_share":"","sfsi_plus_gutenberg_show_text_before_share":"","sfsi_plus_gutenberg_icon_type":"","sfsi_plus_gutenberg_icon_alignemt":"","sfsi_plus_gutenburg_max_per_row":"","footnotes":""},"categories":[2],"tags":[],"class_list":["post-93798","post","type-post","status-publish","format-standard","has-post-thumbnail","hentry","category-geral"],"_links":{"self":[{"href":"https:\/\/www.caririemacao.com\/1\/wp-json\/wp\/v2\/posts\/93798","targetHints":{"allow":["GET"]}}],"collection":[{"href":"https:\/\/www.caririemacao.com\/1\/wp-json\/wp\/v2\/posts"}],"about":[{"href":"https:\/\/www.caririemacao.com\/1\/wp-json\/wp\/v2\/types\/post"}],"author":[{"embeddable":true,"href":"https:\/\/www.caririemacao.com\/1\/wp-json\/wp\/v2\/users\/1"}],"replies":[{"embeddable":true,"href":"https:\/\/www.caririemacao.com\/1\/wp-json\/wp\/v2\/comments?post=93798"}],"version-history":[{"count":1,"href":"https:\/\/www.caririemacao.com\/1\/wp-json\/wp\/v2\/posts\/93798\/revisions"}],"predecessor-version":[{"id":93800,"href":"https:\/\/www.caririemacao.com\/1\/wp-json\/wp\/v2\/posts\/93798\/revisions\/93800"}],"wp:featuredmedia":[{"embeddable":true,"href":"https:\/\/www.caririemacao.com\/1\/wp-json\/wp\/v2\/media\/93799"}],"wp:attachment":[{"href":"https:\/\/www.caririemacao.com\/1\/wp-json\/wp\/v2\/media?parent=93798"}],"wp:term":[{"taxonomy":"category","embeddable":true,"href":"https:\/\/www.caririemacao.com\/1\/wp-json\/wp\/v2\/categories?post=93798"},{"taxonomy":"post_tag","embeddable":true,"href":"https:\/\/www.caririemacao.com\/1\/wp-json\/wp\/v2\/tags?post=93798"}],"curies":[{"name":"wp","href":"https:\/\/api.w.org\/{rel}","templated":true}]}}