{"id":93819,"date":"2019-05-03T14:41:04","date_gmt":"2019-05-03T17:41:04","guid":{"rendered":"http:\/\/www.caririemacao.com\/1\/?p=93819"},"modified":"2019-05-03T14:41:04","modified_gmt":"2019-05-03T17:41:04","slug":"bolsonaro-mostra-cicatriz-de-facada-alguns-falam-que-foi-fake","status":"publish","type":"post","link":"https:\/\/www.caririemacao.com\/1\/2019\/05\/03\/bolsonaro-mostra-cicatriz-de-facada-alguns-falam-que-foi-fake\/","title":{"rendered":"Bolsonaro mostra cicatriz de facada: &#8216;Alguns falam que foi fake&#8217;"},"content":{"rendered":"\n<p>O presidente Jair Bolsonaro (PSL) mostrou as cicatrizes que t\u00eam na barriga por causa da facada que levou durante a campanha presidencial. Em entrevista ao &#8220;SBT Brasil&#8221; desta quinta-feira, ele levantou o terno e mostrou as tr\u00eas marcas que carrega desde o epis\u00f3dio que aconteceu no dia 6 de setembro em Juiz de Fora (MG). &#8220;Alguns falam que foi fake&#8221;, ironizou.<\/p>\n\n\n\n<p>O presidente disse que das tr\u00eas marcas, uma \u00e9 pela facada, dada por Ad\u00e9lio Bispo de Oliveira, outra pela cirurgia e a terceira pela bolsa de colostomia, que carregou durante quatro meses.<\/p>\n\n\n\n<figure><iframe width=\"560\" height=\"315\" data-src=\"https:\/\/www.youtube.com\/embed\/En9bOMbNS8s\" allowfullscreen=\"\" src=\"data:image\/svg+xml;base64,PHN2ZyB3aWR0aD0iMSIgaGVpZ2h0PSIxIiB4bWxucz0iaHR0cDovL3d3dy53My5vcmcvMjAwMC9zdmciPjwvc3ZnPg==\" class=\"lazyload\" data-load-mode=\"1\"><\/iframe><\/figure>\n","protected":false},"excerpt":{"rendered":"<p>O presidente Jair Bolsonaro (PSL) mostrou as cicatrizes que t\u00eam na barriga por causa da facada que levou durante a campanha presidencial. Em entrevista ao&hellip; <\/p>\n","protected":false},"author":1,"featured_media":93820,"comment_status":"closed","ping_status":"closed","sticky":false,"template":"","format":"standard","meta":{"sfsi_plus_gutenberg_text_before_share":"","sfsi_plus_gutenberg_show_text_before_share":"","sfsi_plus_gutenberg_icon_type":"","sfsi_plus_gutenberg_icon_alignemt":"","sfsi_plus_gutenburg_max_per_row":"","footnotes":""},"categories":[50,11],"tags":[],"class_list":["post-93819","post","type-post","status-publish","format-standard","has-post-thumbnail","hentry","category-destaque","category-politica"],"_links":{"self":[{"href":"https:\/\/www.caririemacao.com\/1\/wp-json\/wp\/v2\/posts\/93819","targetHints":{"allow":["GET"]}}],"collection":[{"href":"https:\/\/www.caririemacao.com\/1\/wp-json\/wp\/v2\/posts"}],"about":[{"href":"https:\/\/www.caririemacao.com\/1\/wp-json\/wp\/v2\/types\/post"}],"author":[{"embeddable":true,"href":"https:\/\/www.caririemacao.com\/1\/wp-json\/wp\/v2\/users\/1"}],"replies":[{"embeddable":true,"href":"https:\/\/www.caririemacao.com\/1\/wp-json\/wp\/v2\/comments?post=93819"}],"version-history":[{"count":1,"href":"https:\/\/www.caririemacao.com\/1\/wp-json\/wp\/v2\/posts\/93819\/revisions"}],"predecessor-version":[{"id":93821,"href":"https:\/\/www.caririemacao.com\/1\/wp-json\/wp\/v2\/posts\/93819\/revisions\/93821"}],"wp:featuredmedia":[{"embeddable":true,"href":"https:\/\/www.caririemacao.com\/1\/wp-json\/wp\/v2\/media\/93820"}],"wp:attachment":[{"href":"https:\/\/www.caririemacao.com\/1\/wp-json\/wp\/v2\/media?parent=93819"}],"wp:term":[{"taxonomy":"category","embeddable":true,"href":"https:\/\/www.caririemacao.com\/1\/wp-json\/wp\/v2\/categories?post=93819"},{"taxonomy":"post_tag","embeddable":true,"href":"https:\/\/www.caririemacao.com\/1\/wp-json\/wp\/v2\/tags?post=93819"}],"curies":[{"name":"wp","href":"https:\/\/api.w.org\/{rel}","templated":true}]}}