{"id":93838,"date":"2019-05-03T17:30:51","date_gmt":"2019-05-03T20:30:51","guid":{"rendered":"http:\/\/www.caririemacao.com\/1\/?p=93838"},"modified":"2019-05-03T17:36:55","modified_gmt":"2019-05-03T20:36:55","slug":"joao-azevedo-inaugura-sistema-abastecimento-dagua-de-caraubas-e-beneficia-3-mil-paraibanos","status":"publish","type":"post","link":"https:\/\/www.caririemacao.com\/1\/2019\/05\/03\/joao-azevedo-inaugura-sistema-abastecimento-dagua-de-caraubas-e-beneficia-3-mil-paraibanos\/","title":{"rendered":"Jo\u00e3o Azev\u00eado inaugura sistema abastecimento d\u2019\u00e1gua de Cara\u00fabas e beneficia 3 mil paraibanos"},"content":{"rendered":"\n<p>O governador Jo\u00e3o Azev\u00eado inaugurou, nesta sexta-feira (3), o sistema de capta\u00e7\u00e3o e a adutora para abastecimento de \u00e1gua do munic\u00edpio de Cara\u00fabas, no Cariri da Para\u00edba. A obra representa um investimento de R$ 900 mil \u2013 oriundos do tesouro estadual \u2013 e ir\u00e1 beneficiar tr\u00eas mil paraibanos que sofriam h\u00e1 anos com a constante falta d\u2019\u00e1gua em suas resid\u00eancias. A solenidade foi prestigiada por prefeitos, vice-prefeitos e vereadores da Regi\u00e3o, conselheiros do Or\u00e7amento Democr\u00e1tico Estadual e auxiliares do Governo da Para\u00edba.<\/p>\n\n\n\n<p>Na ocasi\u00e3o, o chefe do Executivo estadual ressaltou que o sistema de abastecimento d\u2019\u00e1gua ir\u00e1 melhorar a qualidade de vida da popula\u00e7\u00e3o de Cara\u00fabas. \u201cPoder abrir hoje o chuveiro e dizer que o povo de Cara\u00fabas tem \u00e1gua \u00e9 um motivo de felicidade para mim, enquanto gestor e cidad\u00e3o, e esta cidade, em um curto espa\u00e7o de tempo, passa a ter estrada, sistema de abastecimento d\u2019\u00e1gua e, brevemente, esgotamento sanit\u00e1rio, o que ir\u00e1 melhorar a sa\u00fade da popula\u00e7\u00e3o\u201d, assegurou.<\/p>\n\n\n\n<p>Ele tamb\u00e9m acrescentou que o Cariri tem recebido grandes investimentos do Governo do Estado nos \u00faltimos anos. \u201cO novo Cariri come\u00e7ou a ser reconstru\u00eddo a partir de 2011 com estradas, adutoras e, acima de tudo, passou a ser visto pelo poder p\u00fablico, permitindo que uma pequena cidade, que n\u00e3o tinha direito a nada, tenha hoje\u201d, completou.<\/p>\n\n\n\n<p>O presidente da Companhia de \u00c1guas e Esgoto da Para\u00edba (Cagepa), Marcos Vin\u00edcius, lembrou que Cara\u00fabas enfrentou um momento cr\u00edtico por conta do desabastecimento e hoje celebra uma nova realidade com a garantia de \u00e1gua tratada. \u201cN\u00f3s temos a satisfa\u00e7\u00e3o de ver o munic\u00edpio totalmente abastecido, n\u00e3o vemos mais caixas d\u2019\u00e1gua na rua e \u00e9 uma satisfa\u00e7\u00e3o contribuir com o desenvolvimento da Para\u00edba, com a sa\u00fade p\u00fablica e o Governo tem se preocupado com o bem-estar da popula\u00e7\u00e3o porque todos t\u00eam o direito de ter \u00e1gua na porta, com pre\u00e7o justo e com qualidade adequada. A Cagepa est\u00e1 contribuindo com o desenvolvimento da Para\u00edba, garantindo seguran\u00e7a h\u00eddrica e preserva\u00e7\u00e3o ambiental com sustentabilidade para gera\u00e7\u00f5es futuras\u201d, frisou.<\/p>\n\n\n\n<p>O prefeito de Cara\u00fabas, Jos\u00e9 Silvano Fernandes (Silvano Dudu), afirmou que o munic\u00edpio recebeu um grande presente do Governo do Estado na semana de sua emancipa\u00e7\u00e3o pol\u00edtica. \u201c\u00c9 um sonho que virou realidade. H\u00e1 muitos anos, a nossa comunidade reivindicava essa obra que \u00e9 de grande import\u00e2ncia porque muitas pessoas n\u00e3o tinham o dinheiro para comprar \u00e1gua e isso causava muito sofrimento. Eu agrade\u00e7o de cora\u00e7\u00e3o a Jo\u00e3o Azev\u00eado e a toda equipe do Governo porque \u00e1gua representa desenvolvimento\u201d, pontuou.<\/p>\n\n\n\n<p>Comerciante h\u00e1 10 anos, Albaniza Cassimiro agradeceu \u00e0 gest\u00e3o estadual pela obra. \u201c\u00c9 um benef\u00edcio muito grande porque a gente sabe que n\u00e3o vai mais faltar \u00e1gua; \u00e9 uma ben\u00e7\u00e3o para o nosso Cariri porque muita gente deixava de comprar comida para adquirir \u00e1gua e hoje n\u00f3s somos ricos\u201d, contou.<\/p>\n\n\n\n<p>O aposentado Jos\u00e9 de Souza tamb\u00e9m comemorou a a\u00e7\u00e3o do Governo. \u201cN\u00f3s agora temos \u00e1gua sobrando; termos \u00e1gua boa na torneira \u00e9 uma riqueza muito grande\u201d, falou.<\/p>\n\n\n\n<figure class=\"wp-block-image\"><img decoding=\"async\" data-src=\"https:\/\/ci6.googleusercontent.com\/proxy\/b2Xyi0OI3QwOHup1828R07SNgfVyJHqU_pTXtmn0SlTEE0Z0MCaOEkZJY7kg4V1-Dos2L6pRlp1c9uO3dnJBO3PSHqNpAhF9t-DxzjYqnvaCubyhxzFbwLm3beu0u5heGoqVx7rw9GdKL5xFPHb6vcMuE9sU=s0-d-e1-ft#http:\/\/newsletter.secom.pb.gov.br\/mailing\/\/contador.php?email=bruno.lira945@gmail.com&amp;mensagem=435\" alt=\"\" src=\"data:image\/svg+xml;base64,PHN2ZyB3aWR0aD0iMSIgaGVpZ2h0PSIxIiB4bWxucz0iaHR0cDovL3d3dy53My5vcmcvMjAwMC9zdmciPjwvc3ZnPg==\" class=\"lazyload\" \/><\/figure>\n\n\n\n<p>O sistema de capta\u00e7\u00e3o e a adutora para abastecimento de \u00e1gua possuem as seguintes caracter\u00edsticas: capta\u00e7\u00e3o em po\u00e7o amazona, atrav\u00e9s de bomba submersa, com vaz\u00e3o de 30 m\u00b3\/h; adutora com extens\u00e3o de 1.500 metros; e melhorias no sistema existente com a recupera\u00e7\u00e3o do reservat\u00f3rio elevado.<\/p>\n\n\n\n<figure class=\"wp-block-image\"><img decoding=\"async\" data-src=\"http:\/\/www.blogdobrunolira.com.br\/wp-content\/uploads\/2019\/05\/joao-adutora-caraubas-foto-francisco-franca-9.jpg\" alt=\"\" class=\"wp-image-11229 lazyload\" src=\"data:image\/svg+xml;base64,PHN2ZyB3aWR0aD0iMSIgaGVpZ2h0PSIxIiB4bWxucz0iaHR0cDovL3d3dy53My5vcmcvMjAwMC9zdmciPjwvc3ZnPg==\" \/><\/figure>\n","protected":false},"excerpt":{"rendered":"<p>O governador Jo\u00e3o Azev\u00eado inaugurou, nesta sexta-feira (3), o sistema de capta\u00e7\u00e3o e a adutora para abastecimento de \u00e1gua do munic\u00edpio de Cara\u00fabas, no Cariri&hellip; <\/p>\n","protected":false},"author":1,"featured_media":93845,"comment_status":"closed","ping_status":"closed","sticky":false,"template":"","format":"standard","meta":{"sfsi_plus_gutenberg_text_before_share":"","sfsi_plus_gutenberg_show_text_before_share":"","sfsi_plus_gutenberg_icon_type":"","sfsi_plus_gutenberg_icon_alignemt":"","sfsi_plus_gutenburg_max_per_row":"","footnotes":""},"categories":[50,11],"tags":[],"class_list":["post-93838","post","type-post","status-publish","format-standard","has-post-thumbnail","hentry","category-destaque","category-politica"],"_links":{"self":[{"href":"https:\/\/www.caririemacao.com\/1\/wp-json\/wp\/v2\/posts\/93838","targetHints":{"allow":["GET"]}}],"collection":[{"href":"https:\/\/www.caririemacao.com\/1\/wp-json\/wp\/v2\/posts"}],"about":[{"href":"https:\/\/www.caririemacao.com\/1\/wp-json\/wp\/v2\/types\/post"}],"author":[{"embeddable":true,"href":"https:\/\/www.caririemacao.com\/1\/wp-json\/wp\/v2\/users\/1"}],"replies":[{"embeddable":true,"href":"https:\/\/www.caririemacao.com\/1\/wp-json\/wp\/v2\/comments?post=93838"}],"version-history":[{"count":1,"href":"https:\/\/www.caririemacao.com\/1\/wp-json\/wp\/v2\/posts\/93838\/revisions"}],"predecessor-version":[{"id":93839,"href":"https:\/\/www.caririemacao.com\/1\/wp-json\/wp\/v2\/posts\/93838\/revisions\/93839"}],"wp:featuredmedia":[{"embeddable":true,"href":"https:\/\/www.caririemacao.com\/1\/wp-json\/wp\/v2\/media\/93845"}],"wp:attachment":[{"href":"https:\/\/www.caririemacao.com\/1\/wp-json\/wp\/v2\/media?parent=93838"}],"wp:term":[{"taxonomy":"category","embeddable":true,"href":"https:\/\/www.caririemacao.com\/1\/wp-json\/wp\/v2\/categories?post=93838"},{"taxonomy":"post_tag","embeddable":true,"href":"https:\/\/www.caririemacao.com\/1\/wp-json\/wp\/v2\/tags?post=93838"}],"curies":[{"name":"wp","href":"https:\/\/api.w.org\/{rel}","templated":true}]}}