{"id":93848,"date":"2019-05-03T20:58:43","date_gmt":"2019-05-03T23:58:43","guid":{"rendered":"http:\/\/www.caririemacao.com\/1\/?p=93848"},"modified":"2019-05-03T20:58:43","modified_gmt":"2019-05-03T23:58:43","slug":"vem-ai-novo-aumento-no-preco-do-gas-de-cozinha","status":"publish","type":"post","link":"https:\/\/www.caririemacao.com\/1\/2019\/05\/03\/vem-ai-novo-aumento-no-preco-do-gas-de-cozinha\/","title":{"rendered":"Vem a\u00ed novo aumento no pre\u00e7o do g\u00e1s de cozinha"},"content":{"rendered":"\n<p>A Petrobras vai reajustar em 3,43%, em m\u00e9dia, a partir do pr\u00f3ximo domingo (5), o pre\u00e7o do G\u00e1s Liquefeito de Petr\u00f3leo (GLP Residencial), o g\u00e1s de cozinha, para botij\u00e3o de 13 quilos (kg) \u00e0s distribuidoras sem a cobran\u00e7a de tributos. O pre\u00e7o do botij\u00e3o de 13kg vai custar R$ 26,20.<\/p>\n\n\n\n<p><\/p>\n\n\n\n<p>O \u00faltimo reajuste ocorreu no dia 5 de fevereiro, exatamente h\u00e1 tr\u00eas meses, quando o valor do g\u00e1s de cozinha subiu para R$ 25,33 para as distribuidoras.<\/p>\n\n\n\n<p><\/p>\n\n\n\n<p>Em nota, o Sindicato Nacional das Empresas Distribuidoras de G\u00e1s Liquefeito de Petr\u00f3leo (Sindig\u00e1s) informou que as empresas distribuidoras associadas \u00e0 entidade foram comunicadas na tarde de hoje pela Petrobras que o GLP residencial para embalagens de at\u00e9 de 13kg ficar\u00e1 mais caro a partir do pr\u00f3ximo domingo.<\/p>\n\n\n\n<p><\/p>\n\n\n\n<p><\/p>\n\n\n\n<p>De acordo com o Sindig\u00e1s, o reajuste oscilar\u00e1 entre 3,3% e 3,6%, de acordo com o polo de suprimento.<\/p>\n","protected":false},"excerpt":{"rendered":"<p>A Petrobras vai reajustar em 3,43%, em m\u00e9dia, a partir do pr\u00f3ximo domingo (5), o pre\u00e7o do G\u00e1s Liquefeito de Petr\u00f3leo (GLP Residencial), o g\u00e1s&hellip; <\/p>\n","protected":false},"author":1,"featured_media":65306,"comment_status":"closed","ping_status":"closed","sticky":false,"template":"","format":"standard","meta":{"sfsi_plus_gutenberg_text_before_share":"","sfsi_plus_gutenberg_show_text_before_share":"","sfsi_plus_gutenberg_icon_type":"","sfsi_plus_gutenberg_icon_alignemt":"","sfsi_plus_gutenburg_max_per_row":"","footnotes":""},"categories":[50,2],"tags":[],"class_list":["post-93848","post","type-post","status-publish","format-standard","has-post-thumbnail","hentry","category-destaque","category-geral"],"_links":{"self":[{"href":"https:\/\/www.caririemacao.com\/1\/wp-json\/wp\/v2\/posts\/93848","targetHints":{"allow":["GET"]}}],"collection":[{"href":"https:\/\/www.caririemacao.com\/1\/wp-json\/wp\/v2\/posts"}],"about":[{"href":"https:\/\/www.caririemacao.com\/1\/wp-json\/wp\/v2\/types\/post"}],"author":[{"embeddable":true,"href":"https:\/\/www.caririemacao.com\/1\/wp-json\/wp\/v2\/users\/1"}],"replies":[{"embeddable":true,"href":"https:\/\/www.caririemacao.com\/1\/wp-json\/wp\/v2\/comments?post=93848"}],"version-history":[{"count":1,"href":"https:\/\/www.caririemacao.com\/1\/wp-json\/wp\/v2\/posts\/93848\/revisions"}],"predecessor-version":[{"id":93849,"href":"https:\/\/www.caririemacao.com\/1\/wp-json\/wp\/v2\/posts\/93848\/revisions\/93849"}],"wp:featuredmedia":[{"embeddable":true,"href":"https:\/\/www.caririemacao.com\/1\/wp-json\/wp\/v2\/media\/65306"}],"wp:attachment":[{"href":"https:\/\/www.caririemacao.com\/1\/wp-json\/wp\/v2\/media?parent=93848"}],"wp:term":[{"taxonomy":"category","embeddable":true,"href":"https:\/\/www.caririemacao.com\/1\/wp-json\/wp\/v2\/categories?post=93848"},{"taxonomy":"post_tag","embeddable":true,"href":"https:\/\/www.caririemacao.com\/1\/wp-json\/wp\/v2\/tags?post=93848"}],"curies":[{"name":"wp","href":"https:\/\/api.w.org\/{rel}","templated":true}]}}