{"id":93851,"date":"2019-05-04T07:25:34","date_gmt":"2019-05-04T10:25:34","guid":{"rendered":"http:\/\/www.caririemacao.com\/1\/?p=93851"},"modified":"2019-05-04T07:25:34","modified_gmt":"2019-05-04T10:25:34","slug":"psdb-de-zabele-ja-esta-pronto-para-a-convencao-estadual-no-domingo","status":"publish","type":"post","link":"https:\/\/www.caririemacao.com\/1\/2019\/05\/04\/psdb-de-zabele-ja-esta-pronto-para-a-convencao-estadual-no-domingo\/","title":{"rendered":"PSDB de Zabel\u00ea j\u00e1 est\u00e1 pronto para a conven\u00e7\u00e3o estadual no domingo"},"content":{"rendered":"\n<figure class=\"wp-block-image\"><a href=\"https:\/\/3.bp.blogspot.com\/-9IsWK_eUgGM\/XMzheGT8MAI\/AAAAAAAAkgY\/8FcTlBdhxTcUnKPAu_3RKBTQ7UWDOik8ACLcBGAs\/s1600\/noticias602338dbc500c4b6b8814c0b22ca22d725126.jpg\"><img decoding=\"async\" data-src=\"https:\/\/3.bp.blogspot.com\/-9IsWK_eUgGM\/XMzheGT8MAI\/AAAAAAAAkgY\/8FcTlBdhxTcUnKPAu_3RKBTQ7UWDOik8ACLcBGAs\/s280\/noticias602338dbc500c4b6b8814c0b22ca22d725126.jpg\" alt=\"\" src=\"data:image\/svg+xml;base64,PHN2ZyB3aWR0aD0iMSIgaGVpZ2h0PSIxIiB4bWxucz0iaHR0cDovL3d3dy53My5vcmcvMjAwMC9zdmciPjwvc3ZnPg==\" class=\"lazyload\" \/><\/a><\/figure>\n\n\n\n<p>A conven\u00e7\u00e3o estadual do Partido da Social Democracia Brasileira (PSDB) vai ser no pr\u00f3ximo domingo (05), em Jo\u00e3o Pessoa. Os dirigentes da sigla afirmam que o evento vai contar com a presen\u00e7a de lideran\u00e7as pol\u00edticas da agremia\u00e7\u00e3o partid\u00e1ria de todo o estado, entre elas, o prefeito da cidade de Zabel\u00ea, no Cariri Ocidental, Dalyson Neves (PSDB).<br>Dalyson, que integra o diret\u00f3rio estadual da legenda, est\u00e1 prometendo fazer uma grande festa no pr\u00f3ximo domingo e, desta forma, mostrar o quanto o partido \u00e9 pujante na Para\u00edba. Para tanto, ele vem capitaneando uma comitiva expressiva de lideran\u00e7as&nbsp;da inst\u00e2ncia do PSDB zabeleense para fermentar ainda mais o encontro regional do tucanato paraibano.<br>Para o prefeito, o que vai acontecer no pr\u00f3ximo&nbsp;domingo no Hotel Hardman, no bairro de Mana\u00edra, das 09h \u00e0s 12h, \u00e9 muito mais que uma conven\u00e7\u00e3o de partido pol\u00edtico \u00e9 uma renova\u00e7\u00e3o de for\u00e7as para impulsionar um projeto, que n\u00e3o \u00e9 s\u00f3 de um partido, mas de um agrupamento de pessoas que acreditam que a sa\u00edda para uma vida melhor \u00e9 cuidando do bem comum de todos.<\/p>\n","protected":false},"excerpt":{"rendered":"<p>A conven\u00e7\u00e3o estadual do Partido da Social Democracia Brasileira (PSDB) vai ser no pr\u00f3ximo domingo (05), em Jo\u00e3o Pessoa. Os dirigentes da sigla afirmam que&hellip; <\/p>\n","protected":false},"author":1,"featured_media":26462,"comment_status":"closed","ping_status":"closed","sticky":false,"template":"","format":"standard","meta":{"sfsi_plus_gutenberg_text_before_share":"","sfsi_plus_gutenberg_show_text_before_share":"","sfsi_plus_gutenberg_icon_type":"","sfsi_plus_gutenberg_icon_alignemt":"","sfsi_plus_gutenburg_max_per_row":"","footnotes":""},"categories":[11],"tags":[],"class_list":["post-93851","post","type-post","status-publish","format-standard","has-post-thumbnail","hentry","category-politica"],"_links":{"self":[{"href":"https:\/\/www.caririemacao.com\/1\/wp-json\/wp\/v2\/posts\/93851","targetHints":{"allow":["GET"]}}],"collection":[{"href":"https:\/\/www.caririemacao.com\/1\/wp-json\/wp\/v2\/posts"}],"about":[{"href":"https:\/\/www.caririemacao.com\/1\/wp-json\/wp\/v2\/types\/post"}],"author":[{"embeddable":true,"href":"https:\/\/www.caririemacao.com\/1\/wp-json\/wp\/v2\/users\/1"}],"replies":[{"embeddable":true,"href":"https:\/\/www.caririemacao.com\/1\/wp-json\/wp\/v2\/comments?post=93851"}],"version-history":[{"count":1,"href":"https:\/\/www.caririemacao.com\/1\/wp-json\/wp\/v2\/posts\/93851\/revisions"}],"predecessor-version":[{"id":93852,"href":"https:\/\/www.caririemacao.com\/1\/wp-json\/wp\/v2\/posts\/93851\/revisions\/93852"}],"wp:featuredmedia":[{"embeddable":true,"href":"https:\/\/www.caririemacao.com\/1\/wp-json\/wp\/v2\/media\/26462"}],"wp:attachment":[{"href":"https:\/\/www.caririemacao.com\/1\/wp-json\/wp\/v2\/media?parent=93851"}],"wp:term":[{"taxonomy":"category","embeddable":true,"href":"https:\/\/www.caririemacao.com\/1\/wp-json\/wp\/v2\/categories?post=93851"},{"taxonomy":"post_tag","embeddable":true,"href":"https:\/\/www.caririemacao.com\/1\/wp-json\/wp\/v2\/tags?post=93851"}],"curies":[{"name":"wp","href":"https:\/\/api.w.org\/{rel}","templated":true}]}}