{"id":93854,"date":"2019-05-04T07:27:39","date_gmt":"2019-05-04T10:27:39","guid":{"rendered":"http:\/\/www.caririemacao.com\/1\/?p=93854"},"modified":"2019-05-04T07:27:39","modified_gmt":"2019-05-04T10:27:39","slug":"divulgado-edital-para-cursos-tecnicos-do-ifpb-com-vagas-para-os-dois-campi-do-cariri","status":"publish","type":"post","link":"https:\/\/www.caririemacao.com\/1\/2019\/05\/04\/divulgado-edital-para-cursos-tecnicos-do-ifpb-com-vagas-para-os-dois-campi-do-cariri\/","title":{"rendered":"Divulgado Edital para cursos t\u00e9cnicos do IFPB com vagas para os dois Campi do Cariri"},"content":{"rendered":"\n<div class=\"wp-block-image\"><figure class=\"alignright\"><img decoding=\"async\" data-src=\"https:\/\/i3.wp.com\/www.vitrinedocariri.com.br\/wp-content\/uploads\/2018\/05\/ifpb-monteiro-300x198.jpeg\" alt=\"\" class=\"wp-image-13122 lazyload\" src=\"data:image\/svg+xml;base64,PHN2ZyB3aWR0aD0iMSIgaGVpZ2h0PSIxIiB4bWxucz0iaHR0cDovL3d3dy53My5vcmcvMjAwMC9zdmciPjwvc3ZnPg==\" style=\"--smush-placeholder-width: 300px; --smush-placeholder-aspect-ratio: 300\/198;\" \/><\/figure><\/div>\n\n\n\n<p>O Instituto Federal da Para\u00edba divulgou o edital do Processo Seletivo para os Cursos&nbsp;T\u00e9cnicos Presenciais, na&nbsp; modalidade subsequente ao ensino m\u00e9dio, para ingresso no&nbsp;segundo semestre letivo de 2019.<\/p>\n\n\n\n<p>S\u00e3o 1110 vagas distribu\u00eddas nos campi &nbsp;Areia, Cabedelo, Cabedelo Centro, Cajazeiras,&nbsp;Campina Grande, Esperan\u00e7a,&nbsp; Jo\u00e3o Pessoa, Jo\u00e3o Pessoa\/Mangabeira, Monteiro, Patos,&nbsp;Pedras de Fogo, Picu\u00ed, Princesa Isabel, Santa Luzia,&nbsp; Soledade e Sousa.<\/p>\n\n\n\n<p>As inscri\u00e7\u00f5es estar\u00e3o abertas no per\u00edodo de 06 a 24 de maio e poder\u00e3o se inscrever os&nbsp;candidatos que tenham&nbsp; conclu\u00eddo ou que estejam concluindo o ensino m\u00e9dio. Al\u00e9m disso,&nbsp;dever\u00e3o apresentar a documenta\u00e7\u00e3o constante do&nbsp; edital e preencher, eletronicamente, todos&nbsp;os itens do Formul\u00e1rio de Inscri\u00e7\u00e3o, disponibilizado no endere\u00e7o&nbsp; eletr\u00f4nico do&nbsp;&nbsp;<a href=\"https:\/\/estudante.ifpb.edu.br\/processoseletivo\/processo\/1\/\">Portal do&nbsp;Estudante<\/a>&nbsp;, inclusive o Question\u00e1rio Socioecon\u00f4mico.<\/p>\n\n\n\n<p>Os cursos oferecidos s\u00e3o T\u00e9cnico em Agropecu\u00e1ria, T\u00e9cnico em Cuidados de Idosos,&nbsp;T\u00e9cnico em Edifica\u00e7\u00f5es, T\u00e9cnico&nbsp; em Eletr\u00f4nica, T\u00e9cnico em Eletromec\u00e2nica, T\u00e9cnico em&nbsp;Eletrot\u00e9cnica, T\u00e9cnico em Equipamentos Biom\u00e9dicos,&nbsp; T\u00e9cnico em Inform\u00e1tica, T\u00e9cnico em&nbsp;Instrumento Musical, T\u00e9cnico em Manuten\u00e7\u00e3o e Suporte em Inform\u00e1tica,&nbsp; T\u00e9cnico em&nbsp;Minera\u00e7\u00e3o, T\u00e9cnico em Mec\u00e2nica, T\u00e9cnico em Restaurante e Bar, T\u00e9cnico em Meio&nbsp;Ambiente, T\u00e9cnico&nbsp; em Qu\u00edmica, T\u00e9cnico em Servi\u00e7os Jur\u00eddicos e T\u00e9cnico em Secretariado.<\/p>\n\n\n\n<p>Confira todas as informa\u00e7\u00f5es no&nbsp;&nbsp;<a href=\"https:\/\/estudante.ifpb.edu.br\/media\/Edital_55_subsequente_2019.2.pdf\">Edital n\u00ba 55\/2019.&nbsp;<\/a><br>Para o curso de T\u00e9cnico em Instrumento Musical, confira as informa\u00e7\u00f5es no&nbsp;&nbsp;<a href=\"https:\/\/estudante.ifpb.edu.br\/media\/Edital_56_subsequente_M%C3%BAsica_Jo%C3%A3o_Pessoa_e_Monteiro_2019.2.pdf\">Edital n\u00ba 56\/2019.<\/a><\/p>\n","protected":false},"excerpt":{"rendered":"<p>O Instituto Federal da Para\u00edba divulgou o edital do Processo Seletivo para os Cursos&nbsp;T\u00e9cnicos Presenciais, na&nbsp; modalidade subsequente ao ensino m\u00e9dio, para ingresso no&nbsp;segundo semestre&hellip; <\/p>\n","protected":false},"author":1,"featured_media":91220,"comment_status":"closed","ping_status":"closed","sticky":false,"template":"","format":"standard","meta":{"sfsi_plus_gutenberg_text_before_share":"","sfsi_plus_gutenberg_show_text_before_share":"","sfsi_plus_gutenberg_icon_type":"","sfsi_plus_gutenberg_icon_alignemt":"","sfsi_plus_gutenburg_max_per_row":"","footnotes":""},"categories":[2],"tags":[],"class_list":["post-93854","post","type-post","status-publish","format-standard","has-post-thumbnail","hentry","category-geral"],"_links":{"self":[{"href":"https:\/\/www.caririemacao.com\/1\/wp-json\/wp\/v2\/posts\/93854","targetHints":{"allow":["GET"]}}],"collection":[{"href":"https:\/\/www.caririemacao.com\/1\/wp-json\/wp\/v2\/posts"}],"about":[{"href":"https:\/\/www.caririemacao.com\/1\/wp-json\/wp\/v2\/types\/post"}],"author":[{"embeddable":true,"href":"https:\/\/www.caririemacao.com\/1\/wp-json\/wp\/v2\/users\/1"}],"replies":[{"embeddable":true,"href":"https:\/\/www.caririemacao.com\/1\/wp-json\/wp\/v2\/comments?post=93854"}],"version-history":[{"count":1,"href":"https:\/\/www.caririemacao.com\/1\/wp-json\/wp\/v2\/posts\/93854\/revisions"}],"predecessor-version":[{"id":93855,"href":"https:\/\/www.caririemacao.com\/1\/wp-json\/wp\/v2\/posts\/93854\/revisions\/93855"}],"wp:featuredmedia":[{"embeddable":true,"href":"https:\/\/www.caririemacao.com\/1\/wp-json\/wp\/v2\/media\/91220"}],"wp:attachment":[{"href":"https:\/\/www.caririemacao.com\/1\/wp-json\/wp\/v2\/media?parent=93854"}],"wp:term":[{"taxonomy":"category","embeddable":true,"href":"https:\/\/www.caririemacao.com\/1\/wp-json\/wp\/v2\/categories?post=93854"},{"taxonomy":"post_tag","embeddable":true,"href":"https:\/\/www.caririemacao.com\/1\/wp-json\/wp\/v2\/tags?post=93854"}],"curies":[{"name":"wp","href":"https:\/\/api.w.org\/{rel}","templated":true}]}}