{"id":93857,"date":"2019-05-04T07:46:29","date_gmt":"2019-05-04T10:46:29","guid":{"rendered":"http:\/\/www.caririemacao.com\/1\/?p=93857"},"modified":"2019-05-04T07:46:29","modified_gmt":"2019-05-04T10:46:29","slug":"pb-ja-soma-quatro-casos-de-malaria-em-2019","status":"publish","type":"post","link":"https:\/\/www.caririemacao.com\/1\/2019\/05\/04\/pb-ja-soma-quatro-casos-de-malaria-em-2019\/","title":{"rendered":"PB j\u00e1 soma quatro casos de mal\u00e1ria em 2019"},"content":{"rendered":"\n<p>Um homem de 64 anos foi hospitalizado nesta sexta-feira (3), com diagn\u00f3stico de mal\u00e1ria. \u00c9 o quarto caso na Para\u00edba confirmado em menos de dois meses \u2013 todos que foram diagnosticados com a doen\u00e7a s\u00e3o moradores do munic\u00edpio de Conde. O quadro de sa\u00fade do idoso \u00e9 considerado est\u00e1vel.<\/p>\n\n\n\n<p>Ao<strong>&nbsp;Portal MaisPB<\/strong>, a Secret\u00e1ria Estadual de Sa\u00fade informou que o idoso come\u00e7ou o tratamento ainda no Conde mas, somente nesta sexta-feira (3), foi transferido ao Hospital Universit\u00e1rio Lauro Wanderley (HULW). O primeiro caso da doen\u00e7a foi identificado no HULW no dia 19 de mar\u00e7o em uma mulher de 25 anos, que recebeu alta no dia 9 de abril.<\/p>\n\n\n\n<p><strong>Caso descartado<\/strong><\/p>\n\n\n\n<p>Um jovem de 17 anos foi internado com suspeita da doen\u00e7a na noite da quinta-feira (3) mas ao realizar o teste r\u00e1pido a doen\u00e7a n\u00e3o foi detectada. De acordo com a assessoria do HULW,&nbsp; mesmo com o resultado, foi recomendado um exame chamado Gota Espessa para confirmar o diagn\u00f3stico, que tamb\u00e9m deu negativo.<\/p>\n\n\n\n<p><strong>MaisPB<\/strong><\/p>\n","protected":false},"excerpt":{"rendered":"<p>Um homem de 64 anos foi hospitalizado nesta sexta-feira (3), com diagn\u00f3stico de mal\u00e1ria. \u00c9 o quarto caso na Para\u00edba confirmado em menos de dois&hellip; <\/p>\n","protected":false},"author":1,"featured_media":90733,"comment_status":"closed","ping_status":"closed","sticky":false,"template":"","format":"standard","meta":{"sfsi_plus_gutenberg_text_before_share":"","sfsi_plus_gutenberg_show_text_before_share":"","sfsi_plus_gutenberg_icon_type":"","sfsi_plus_gutenberg_icon_alignemt":"","sfsi_plus_gutenburg_max_per_row":"","footnotes":""},"categories":[50,16],"tags":[],"class_list":["post-93857","post","type-post","status-publish","format-standard","has-post-thumbnail","hentry","category-destaque","category-saude"],"_links":{"self":[{"href":"https:\/\/www.caririemacao.com\/1\/wp-json\/wp\/v2\/posts\/93857","targetHints":{"allow":["GET"]}}],"collection":[{"href":"https:\/\/www.caririemacao.com\/1\/wp-json\/wp\/v2\/posts"}],"about":[{"href":"https:\/\/www.caririemacao.com\/1\/wp-json\/wp\/v2\/types\/post"}],"author":[{"embeddable":true,"href":"https:\/\/www.caririemacao.com\/1\/wp-json\/wp\/v2\/users\/1"}],"replies":[{"embeddable":true,"href":"https:\/\/www.caririemacao.com\/1\/wp-json\/wp\/v2\/comments?post=93857"}],"version-history":[{"count":1,"href":"https:\/\/www.caririemacao.com\/1\/wp-json\/wp\/v2\/posts\/93857\/revisions"}],"predecessor-version":[{"id":93858,"href":"https:\/\/www.caririemacao.com\/1\/wp-json\/wp\/v2\/posts\/93857\/revisions\/93858"}],"wp:featuredmedia":[{"embeddable":true,"href":"https:\/\/www.caririemacao.com\/1\/wp-json\/wp\/v2\/media\/90733"}],"wp:attachment":[{"href":"https:\/\/www.caririemacao.com\/1\/wp-json\/wp\/v2\/media?parent=93857"}],"wp:term":[{"taxonomy":"category","embeddable":true,"href":"https:\/\/www.caririemacao.com\/1\/wp-json\/wp\/v2\/categories?post=93857"},{"taxonomy":"post_tag","embeddable":true,"href":"https:\/\/www.caririemacao.com\/1\/wp-json\/wp\/v2\/tags?post=93857"}],"curies":[{"name":"wp","href":"https:\/\/api.w.org\/{rel}","templated":true}]}}