{"id":93861,"date":"2019-05-04T07:54:10","date_gmt":"2019-05-04T10:54:10","guid":{"rendered":"http:\/\/www.caririemacao.com\/1\/?p=93861"},"modified":"2019-05-04T07:54:10","modified_gmt":"2019-05-04T10:54:10","slug":"ricardo-garante-que-ira-dedicar-2o-semestre-do-ano-para-organizar-psb-na-pb","status":"publish","type":"post","link":"https:\/\/www.caririemacao.com\/1\/2019\/05\/04\/ricardo-garante-que-ira-dedicar-2o-semestre-do-ano-para-organizar-psb-na-pb\/","title":{"rendered":"Ricardo garante que ir\u00e1 dedicar 2\u00ba semestre do ano para organizar PSB na PB"},"content":{"rendered":"\n<p>Presidente de honra do PSB na Para\u00edba, o ex-governador Ricardo Coutinho, que atualmente dedica seu tempo na presid\u00eancia da Funda\u00e7\u00e3o Jo\u00e3o Mangabeira (FJM), entidade vinculada ao PSB nacional, garantiu que ir\u00e1 dedicar o segundo semestre do ano para organizar o partido na Para\u00edba visando as elei\u00e7\u00f5es do ano que vem.<\/p>\n\n\n\n<p>\u201cVou pegar o segundo semestre e ir para cada regi\u00e3o conversar com os companheiros e companheiras para formatar uma estrat\u00e9gia de campanha que nos d\u00ea novamente uma grande vit\u00f3ria\u201d, afirmou.<\/p>\n\n\n\n<p>Duas cidades que Ricardo j\u00e1 garantiu que ter\u00e3o candidaturas pr\u00f3prias do PSB s\u00e3o Jo\u00e3o Pessoa e Campina Grande, as maiores cidades do Estado.<\/p>\n","protected":false},"excerpt":{"rendered":"<p>Presidente de honra do PSB na Para\u00edba, o ex-governador Ricardo Coutinho, que atualmente dedica seu tempo na presid\u00eancia da Funda\u00e7\u00e3o Jo\u00e3o Mangabeira (FJM), entidade vinculada&hellip; <\/p>\n","protected":false},"author":1,"featured_media":43797,"comment_status":"closed","ping_status":"closed","sticky":false,"template":"","format":"standard","meta":{"sfsi_plus_gutenberg_text_before_share":"","sfsi_plus_gutenberg_show_text_before_share":"","sfsi_plus_gutenberg_icon_type":"","sfsi_plus_gutenberg_icon_alignemt":"","sfsi_plus_gutenburg_max_per_row":"","footnotes":""},"categories":[11],"tags":[],"class_list":["post-93861","post","type-post","status-publish","format-standard","has-post-thumbnail","hentry","category-politica"],"_links":{"self":[{"href":"https:\/\/www.caririemacao.com\/1\/wp-json\/wp\/v2\/posts\/93861","targetHints":{"allow":["GET"]}}],"collection":[{"href":"https:\/\/www.caririemacao.com\/1\/wp-json\/wp\/v2\/posts"}],"about":[{"href":"https:\/\/www.caririemacao.com\/1\/wp-json\/wp\/v2\/types\/post"}],"author":[{"embeddable":true,"href":"https:\/\/www.caririemacao.com\/1\/wp-json\/wp\/v2\/users\/1"}],"replies":[{"embeddable":true,"href":"https:\/\/www.caririemacao.com\/1\/wp-json\/wp\/v2\/comments?post=93861"}],"version-history":[{"count":1,"href":"https:\/\/www.caririemacao.com\/1\/wp-json\/wp\/v2\/posts\/93861\/revisions"}],"predecessor-version":[{"id":93862,"href":"https:\/\/www.caririemacao.com\/1\/wp-json\/wp\/v2\/posts\/93861\/revisions\/93862"}],"wp:featuredmedia":[{"embeddable":true,"href":"https:\/\/www.caririemacao.com\/1\/wp-json\/wp\/v2\/media\/43797"}],"wp:attachment":[{"href":"https:\/\/www.caririemacao.com\/1\/wp-json\/wp\/v2\/media?parent=93861"}],"wp:term":[{"taxonomy":"category","embeddable":true,"href":"https:\/\/www.caririemacao.com\/1\/wp-json\/wp\/v2\/categories?post=93861"},{"taxonomy":"post_tag","embeddable":true,"href":"https:\/\/www.caririemacao.com\/1\/wp-json\/wp\/v2\/tags?post=93861"}],"curies":[{"name":"wp","href":"https:\/\/api.w.org\/{rel}","templated":true}]}}