{"id":93868,"date":"2019-05-04T18:39:43","date_gmt":"2019-05-04T21:39:43","guid":{"rendered":"http:\/\/www.caririemacao.com\/1\/?p=93868"},"modified":"2019-05-05T15:31:32","modified_gmt":"2019-05-05T18:31:32","slug":"cariri-escolhe-a-agricultura-familiar-saude-e-seguranca-publica-como-as-prioridades-na-regiao","status":"publish","type":"post","link":"https:\/\/www.caririemacao.com\/1\/2019\/05\/04\/cariri-escolhe-a-agricultura-familiar-saude-e-seguranca-publica-como-as-prioridades-na-regiao\/","title":{"rendered":"Cariri escolhe agricultura familiar, sa\u00fade e seguran\u00e7a p\u00fablica como as prioridades na regi\u00e3o"},"content":{"rendered":"\n<p> A regi\u00e3o do Cariri Paraibano, principalmente as cidades que fazem parte da quinta regi\u00e3o  do Or\u00e7amento Democr\u00e1tico Estadual escolheu a agricultura familiar, sa\u00fade e seguran\u00e7a p\u00fablica como as prioridades.<\/p>\n\n\n\n<p>As escolhas foram feitas pela popula\u00e7\u00e3o durante audi\u00eancia com o governador na cidade de Sum\u00e9 neste s\u00e1bado dia 04 de maio.<\/p>\n","protected":false},"excerpt":{"rendered":"<p>A regi\u00e3o do Cariri Paraibano, principalmente as cidades que fazem parte da quinta regi\u00e3o do Or\u00e7amento Democr\u00e1tico Estadual escolheu a agricultura familiar, sa\u00fade e seguran\u00e7a&hellip; <\/p>\n","protected":false},"author":2,"featured_media":93869,"comment_status":"closed","ping_status":"closed","sticky":false,"template":"","format":"standard","meta":{"sfsi_plus_gutenberg_text_before_share":"","sfsi_plus_gutenberg_show_text_before_share":"","sfsi_plus_gutenberg_icon_type":"","sfsi_plus_gutenberg_icon_alignemt":"","sfsi_plus_gutenburg_max_per_row":"","footnotes":""},"categories":[50,2],"tags":[],"class_list":["post-93868","post","type-post","status-publish","format-standard","has-post-thumbnail","hentry","category-destaque","category-geral"],"_links":{"self":[{"href":"https:\/\/www.caririemacao.com\/1\/wp-json\/wp\/v2\/posts\/93868","targetHints":{"allow":["GET"]}}],"collection":[{"href":"https:\/\/www.caririemacao.com\/1\/wp-json\/wp\/v2\/posts"}],"about":[{"href":"https:\/\/www.caririemacao.com\/1\/wp-json\/wp\/v2\/types\/post"}],"author":[{"embeddable":true,"href":"https:\/\/www.caririemacao.com\/1\/wp-json\/wp\/v2\/users\/2"}],"replies":[{"embeddable":true,"href":"https:\/\/www.caririemacao.com\/1\/wp-json\/wp\/v2\/comments?post=93868"}],"version-history":[{"count":2,"href":"https:\/\/www.caririemacao.com\/1\/wp-json\/wp\/v2\/posts\/93868\/revisions"}],"predecessor-version":[{"id":93942,"href":"https:\/\/www.caririemacao.com\/1\/wp-json\/wp\/v2\/posts\/93868\/revisions\/93942"}],"wp:featuredmedia":[{"embeddable":true,"href":"https:\/\/www.caririemacao.com\/1\/wp-json\/wp\/v2\/media\/93869"}],"wp:attachment":[{"href":"https:\/\/www.caririemacao.com\/1\/wp-json\/wp\/v2\/media?parent=93868"}],"wp:term":[{"taxonomy":"category","embeddable":true,"href":"https:\/\/www.caririemacao.com\/1\/wp-json\/wp\/v2\/categories?post=93868"},{"taxonomy":"post_tag","embeddable":true,"href":"https:\/\/www.caririemacao.com\/1\/wp-json\/wp\/v2\/tags?post=93868"}],"curies":[{"name":"wp","href":"https:\/\/api.w.org\/{rel}","templated":true}]}}