{"id":93948,"date":"2019-05-06T08:35:35","date_gmt":"2019-05-06T11:35:35","guid":{"rendered":"http:\/\/www.caririemacao.com\/1\/?p=93948"},"modified":"2019-05-06T08:35:35","modified_gmt":"2019-05-06T11:35:35","slug":"prefeitura-de-zabele-participa-de-plenaria-do-ode-em-sume","status":"publish","type":"post","link":"https:\/\/www.caririemacao.com\/1\/2019\/05\/06\/prefeitura-de-zabele-participa-de-plenaria-do-ode-em-sume\/","title":{"rendered":"Prefeitura de Zabel\u00ea participa de plen\u00e1ria do ODE, em Sum\u00e9"},"content":{"rendered":"\n<p>Preocupado com o bem estar dos cidad\u00e3os da cidade da Zabel\u00ea, o prefeito Dalyson Neves(PSDB), fez quest\u00e3o para que a gest\u00e3o municipal estivesse presente na plen\u00e1ria do Or\u00e7amento Democr\u00e1tico Estadual (ODE) ,que aconteceu no final da tarde, deste s\u00e1bado (04), na cidade de Sum\u00e9.<br>Por conta de outros compromissos de mesmo relevo, o gestor n\u00e3o p\u00f4de estar presente, fisicamente, mas enviou representantes. A vereadora Jors\u00e2mara Neves&nbsp; (\u00e0 esquerda), a secret\u00e1ria de Cultura, Fabiana Monteiro (centro), o secret\u00e1rio de Finan\u00e7as, Jos\u00e9 Inaldo e o servidor do munic\u00edpio H\u00e9lio Oliveira foram os nomes escolhidos pela gest\u00e3o para participarem do evento.<br>Na ocasi\u00e3o, foi apresentada uma pauta de prioridades dividida em 03 eixos: sa\u00fade, saneamento b\u00e1sico, agricultura,pesca e pecu\u00e1ria.<br>Para a sa\u00fade, foi solicitada a ativa\u00e7\u00e3o dos leitos da UTI do Hospital Regional Santa Filomena, em Monteiro. Para a \u00e1rea do saneamento b\u00e1sico, o pedido recaiu sobre a constru\u00e7\u00e3o de rede de esgotamento sanit\u00e1rio nos munic\u00edpios de S\u00e3o Jo\u00e3o do Tigre, S\u00e3o Sebasti\u00e3o do Umbuzeiro e Zabel\u00ea. J\u00e1 para o setor da agricultura, pesca e pecu\u00e1ria, o pleito \u00e9 para a instala\u00e7\u00e3o de uma f\u00e1brica de ra\u00e7\u00e3o no munic\u00edpio de Zabel\u00ea.<\/p>\n","protected":false},"excerpt":{"rendered":"<p>Preocupado com o bem estar dos cidad\u00e3os da cidade da Zabel\u00ea, o prefeito Dalyson Neves(PSDB), fez quest\u00e3o para que a gest\u00e3o municipal estivesse presente na&hellip; <\/p>\n","protected":false},"author":1,"featured_media":93959,"comment_status":"closed","ping_status":"closed","sticky":false,"template":"","format":"standard","meta":{"sfsi_plus_gutenberg_text_before_share":"","sfsi_plus_gutenberg_show_text_before_share":"","sfsi_plus_gutenberg_icon_type":"","sfsi_plus_gutenberg_icon_alignemt":"","sfsi_plus_gutenburg_max_per_row":"","footnotes":""},"categories":[6],"tags":[],"class_list":["post-93948","post","type-post","status-publish","format-standard","has-post-thumbnail","hentry","category-cidades"],"_links":{"self":[{"href":"https:\/\/www.caririemacao.com\/1\/wp-json\/wp\/v2\/posts\/93948","targetHints":{"allow":["GET"]}}],"collection":[{"href":"https:\/\/www.caririemacao.com\/1\/wp-json\/wp\/v2\/posts"}],"about":[{"href":"https:\/\/www.caririemacao.com\/1\/wp-json\/wp\/v2\/types\/post"}],"author":[{"embeddable":true,"href":"https:\/\/www.caririemacao.com\/1\/wp-json\/wp\/v2\/users\/1"}],"replies":[{"embeddable":true,"href":"https:\/\/www.caririemacao.com\/1\/wp-json\/wp\/v2\/comments?post=93948"}],"version-history":[{"count":1,"href":"https:\/\/www.caririemacao.com\/1\/wp-json\/wp\/v2\/posts\/93948\/revisions"}],"predecessor-version":[{"id":93960,"href":"https:\/\/www.caririemacao.com\/1\/wp-json\/wp\/v2\/posts\/93948\/revisions\/93960"}],"wp:featuredmedia":[{"embeddable":true,"href":"https:\/\/www.caririemacao.com\/1\/wp-json\/wp\/v2\/media\/93959"}],"wp:attachment":[{"href":"https:\/\/www.caririemacao.com\/1\/wp-json\/wp\/v2\/media?parent=93948"}],"wp:term":[{"taxonomy":"category","embeddable":true,"href":"https:\/\/www.caririemacao.com\/1\/wp-json\/wp\/v2\/categories?post=93948"},{"taxonomy":"post_tag","embeddable":true,"href":"https:\/\/www.caririemacao.com\/1\/wp-json\/wp\/v2\/tags?post=93948"}],"curies":[{"name":"wp","href":"https:\/\/api.w.org\/{rel}","templated":true}]}}