{"id":93949,"date":"2019-05-06T07:33:39","date_gmt":"2019-05-06T10:33:39","guid":{"rendered":"http:\/\/www.caririemacao.com\/1\/?p=93949"},"modified":"2019-05-06T07:33:39","modified_gmt":"2019-05-06T10:33:39","slug":"mulher-fica-ferida-apos-agressoes-do-ex-companheiro-em-joao-pessoa","status":"publish","type":"post","link":"https:\/\/www.caririemacao.com\/1\/2019\/05\/06\/mulher-fica-ferida-apos-agressoes-do-ex-companheiro-em-joao-pessoa\/","title":{"rendered":"Mulher fica ferida ap\u00f3s agress\u00f5es do ex-companheiro, em Jo\u00e3o Pessoa"},"content":{"rendered":"\n<p>Uma mulher foi encontrada no Centro de Jo\u00e3o Pessoa com graves marcas de agress\u00e3o, na manh\u00e3 desta segunda-feira (6). O Samu foi acionado por pessoas que passavam no local, e encontrou a v\u00edtima, em frente a uma cl\u00ednica, reclamando de muitas dores e com o rosto bastante sujo de sangue.<\/p>\n\n\n\n<p>Ap\u00f3s o socorro, o Samu acionou a Pol\u00edcia Militar. Conforme a PM, a mulher contou que foi agredida pelo ex-companheiro, no Mercado Central, por volta das 6h. Segundo ela, o homem \u00e9 morador de rua. Ela tentou corre, mas caiu e foi agredida novamente.<\/p>\n\n\n\n<p>O Samu fez os atendimentos m\u00e9dicos de emerg\u00eancia e, em seguida, encaminhou a mulher para o Hospital de Emerg\u00eancia e Trauma de Jo\u00e3o Pessoa. De acordo com a Pol\u00edcia Militar, o suspeito n\u00e3o foi preso, no entanto, o nome j\u00e1 foi identificado.<\/p>\n","protected":false},"excerpt":{"rendered":"<p>Uma mulher foi encontrada no Centro de Jo\u00e3o Pessoa com graves marcas de agress\u00e3o, na manh\u00e3 desta segunda-feira (6). O Samu foi acionado por pessoas&hellip; <\/p>\n","protected":false},"author":1,"featured_media":93950,"comment_status":"closed","ping_status":"closed","sticky":false,"template":"","format":"standard","meta":{"sfsi_plus_gutenberg_text_before_share":"","sfsi_plus_gutenberg_show_text_before_share":"","sfsi_plus_gutenberg_icon_type":"","sfsi_plus_gutenberg_icon_alignemt":"","sfsi_plus_gutenburg_max_per_row":"","footnotes":""},"categories":[12],"tags":[],"class_list":["post-93949","post","type-post","status-publish","format-standard","has-post-thumbnail","hentry","category-policia"],"_links":{"self":[{"href":"https:\/\/www.caririemacao.com\/1\/wp-json\/wp\/v2\/posts\/93949","targetHints":{"allow":["GET"]}}],"collection":[{"href":"https:\/\/www.caririemacao.com\/1\/wp-json\/wp\/v2\/posts"}],"about":[{"href":"https:\/\/www.caririemacao.com\/1\/wp-json\/wp\/v2\/types\/post"}],"author":[{"embeddable":true,"href":"https:\/\/www.caririemacao.com\/1\/wp-json\/wp\/v2\/users\/1"}],"replies":[{"embeddable":true,"href":"https:\/\/www.caririemacao.com\/1\/wp-json\/wp\/v2\/comments?post=93949"}],"version-history":[{"count":1,"href":"https:\/\/www.caririemacao.com\/1\/wp-json\/wp\/v2\/posts\/93949\/revisions"}],"predecessor-version":[{"id":93951,"href":"https:\/\/www.caririemacao.com\/1\/wp-json\/wp\/v2\/posts\/93949\/revisions\/93951"}],"wp:featuredmedia":[{"embeddable":true,"href":"https:\/\/www.caririemacao.com\/1\/wp-json\/wp\/v2\/media\/93950"}],"wp:attachment":[{"href":"https:\/\/www.caririemacao.com\/1\/wp-json\/wp\/v2\/media?parent=93949"}],"wp:term":[{"taxonomy":"category","embeddable":true,"href":"https:\/\/www.caririemacao.com\/1\/wp-json\/wp\/v2\/categories?post=93949"},{"taxonomy":"post_tag","embeddable":true,"href":"https:\/\/www.caririemacao.com\/1\/wp-json\/wp\/v2\/tags?post=93949"}],"curies":[{"name":"wp","href":"https:\/\/api.w.org\/{rel}","templated":true}]}}