{"id":93952,"date":"2019-05-06T07:39:54","date_gmt":"2019-05-06T10:39:54","guid":{"rendered":"http:\/\/www.caririemacao.com\/1\/?p=93952"},"modified":"2019-05-06T07:39:54","modified_gmt":"2019-05-06T10:39:54","slug":"veja-concursos-e-selecoes-com-editais-publicados-na-paraiba-nesta-semana-de-5-a-12-de-maio","status":"publish","type":"post","link":"https:\/\/www.caririemacao.com\/1\/2019\/05\/06\/veja-concursos-e-selecoes-com-editais-publicados-na-paraiba-nesta-semana-de-5-a-12-de-maio\/","title":{"rendered":"Veja concursos e sele\u00e7\u00f5es com editais publicados na Para\u00edba nesta semana de 5 a 12 de maio"},"content":{"rendered":"\n<p> Mais de 1.900 vagas de emprego s\u00e3o oferecidas em 11 editais de concursos e empregos publicados na Para\u00edba nesta semana de 5 a 12 de maio. Confira. <\/p>\n\n\n\n<h2 class=\"wp-block-heading\"><a href=\"https:\/\/g1.globo.com\/pb\/paraiba\/noticia\/2019\/04\/22\/abertas-inscricoes-no-concurso-da-prefeitura-de-juarez-tavora-pb.ghtml\">Concurso da prefeitura de Juarez T\u00e1vora<\/a><\/h2>\n\n\n\n<ul class=\"wp-block-list\"><li><strong>Vagas:<\/strong>&nbsp;109<\/li><li><strong>N\u00edveis:<\/strong>&nbsp;fundamental, m\u00e9dio, t\u00e9cnico e superior<\/li><li><strong>Sal\u00e1rios:&nbsp;<\/strong>R$ 998 a R$ 4 mil<\/li><li><strong>Prazo de inscri\u00e7\u00e3o:&nbsp;<\/strong>at\u00e9 sexta-feira (10)<\/li><li><strong>Local de inscri\u00e7\u00e3o:&nbsp;<\/strong><a href=\"https:\/\/advise.listaeditais.com.br\/edital\/ver\/2143\" target=\"_blank\" rel=\"noreferrer noopener\">site da organizadora, Advise<\/a><\/li><li><strong>Taxas de inscri\u00e7\u00e3o:&nbsp;<\/strong>R$ 50 (fundamental), R$ 70 (m\u00e9dio) e R$ 100 (superior)<\/li><li><strong>Provas:&nbsp;<\/strong>7 de julho<\/li><li><a href=\"https:\/\/cdn.gestoreditais.com.br\/edital\/200\/2143\/be39bd54a4ed88b6da420a371c909dc7.pdf\" target=\"_blank\" rel=\"noreferrer noopener\">Edital do concurso da prefeitura de Juarez T\u00e1vora<\/a><\/li><\/ul>\n\n\n\n<h2 class=\"wp-block-heading\"><a href=\"https:\/\/g1.globo.com\/pb\/paraiba\/noticia\/2019\/04\/22\/selecao-da-prefeitura-de-santa-terezinha-pb-reabre-inscricoes-e-amplia-numero-de-vagas.ghtml\">Sele\u00e7\u00e3o da Prefeitura de Santa Terezinha<\/a><\/h2>\n\n\n\n<ul class=\"wp-block-list\"><li><strong>Vagas:<\/strong>&nbsp;93<\/li><li><strong>N\u00edveis:<\/strong>&nbsp;fundamental, m\u00e9dio e t\u00e9cnico<\/li><li><strong>Sal\u00e1rios:<\/strong>&nbsp;R$ 998 a R$ 8.250<\/li><li><strong>Prazo de inscri\u00e7\u00e3o:<\/strong>&nbsp;at\u00e9 17 de maio<\/li><li><strong>Local de inscri\u00e7\u00e3o:<\/strong>&nbsp;<a href=\"http:\/\/facetconcursos.com.br\/\" target=\"_blank\" rel=\"noreferrer noopener\">site da organizadora, Facet,<\/a>&nbsp;ou sede da prefeitura<\/li><li><strong>Taxas de inscri\u00e7\u00e3o:<\/strong>&nbsp;R$ 55 (n\u00edvel fundamental), R$ 65 (n\u00edvel m\u00e9dio\/t\u00e9cnico) e R$ 85 (n\u00edvel superior)<\/li><li><strong>Provas:<\/strong>&nbsp;16 de junho<\/li><li><a href=\"http:\/\/www.facetconcursos.com.br\/santaterezinha\/aditivo-01.pdf\" target=\"_blank\" rel=\"noreferrer noopener\">Edital da sele\u00e7\u00e3o da Prefeitura de Santa Terezinha<\/a><\/li><\/ul>\n\n\n\n<h2 class=\"wp-block-heading\"><a href=\"https:\/\/g1.globo.com\/pb\/paraiba\/noticia\/2019\/04\/15\/concurso-para-prefeitura-de-guarabira-pb-oferece-218-vagas-para-54-cargos-veja-edital.ghtml\">Concurso da Prefeitura de Guarabira<\/a><\/h2>\n\n\n\n<ul class=\"wp-block-list\"><li><strong>Vagas:&nbsp;<\/strong>218<\/li><li><strong>N\u00edveis:&nbsp;<\/strong>fundamental, m\u00e9dio e superior<\/li><li><strong>Sal\u00e1rios:&nbsp;<\/strong>R$ 998 a R$ 2,5 mil<\/li><li><strong>Prazo de inscri\u00e7\u00e3o:&nbsp;<\/strong>at\u00e9 19 de maio<\/li><li><strong>Local de inscri\u00e7\u00e3o:<\/strong>&nbsp;<a href=\"https:\/\/cpcon.uepb.edu.br\/\" target=\"_blank\" rel=\"noreferrer noopener\">site da organizadora, Cpcon<\/a><\/li><li><strong>Taxas de inscri\u00e7\u00e3o:<\/strong>&nbsp;R$ 60 (n\u00edvel fundamental), R$ 80 (m\u00e9dio) e R$ 100 (superior)<\/li><li><strong>Provas:&nbsp;<\/strong>14 de junho<\/li><li><a href=\"https:\/\/cpcon.uepb.edu.br\/concursos\/PM_Guarabira\/Edital\/EDITAL_NORMATIVO_CONCURSO_PUBLICO_N_001_2019_PMG-PB.pdf\" target=\"_blank\" rel=\"noreferrer noopener\">Edital do concurso da Prefeitura de Guarabira<\/a><\/li><\/ul>\n\n\n\n<h2 class=\"wp-block-heading\"><a href=\"https:\/\/g1.globo.com\/pb\/paraiba\/noticia\/2019\/04\/22\/abertas-inscricoes-do-concurso-da-prefeitura-de-nova-floresta-pb.ghtml\">Concurso da prefeitura de Nova Floresta<\/a><\/h2>\n\n\n\n<ul class=\"wp-block-list\"><li><strong>Vagas:\u00a0<\/strong>34<\/li><li><strong>N\u00edveis:<\/strong>\u00a0fundamental, m\u00e9dio, t\u00e9cnico e superior<\/li><li><strong>Sal\u00e1rios:\u00a0<\/strong>R$ 998 a R$ 1.678,42<\/li><li><strong>Prazo de inscri\u00e7\u00e3o:\u00a0<\/strong>at\u00e9 19 de maio<\/li><li><strong>Local de inscri\u00e7\u00e3o:<\/strong><a rel=\"noreferrer noopener\" href=\"https:\/\/cpcon.uepb.edu.br\/concursos\/PM_Nova_Floresta\/\" target=\"_blank\">site da organizadora, CPCon<\/a><\/li><li><strong>Taxas de inscri\u00e7\u00e3o:<\/strong>\u00a0R$ 65 (fundamental), R$ 85 (m\u00e9dio) e R$ 105 (superior)<\/li><li><strong>Provas:\u00a0<\/strong>14 de julho<\/li><li><a rel=\"noreferrer noopener\" href=\"http:\/\/cpcon.uepb.edu.br\/concursos\/PM_Nova_Floresta\/Edital\/EDITAL_NORMATIVO_CONCURSO_PUBLICO_N_001_2019_PMNF-PB.pdf\" target=\"_blank\">Edital do concurso da prefeitura de Nova Floresta<\/a><\/li><li><\/li><\/ul>\n\n\n\n<h2 class=\"wp-block-heading\"><a href=\"https:\/\/g1.globo.com\/pb\/paraiba\/noticia\/2019\/04\/23\/divulgado-edital-do-concurso-da-prefeitura-de-nova-palmeira-pb.ghtml\">Concurso da Prefeitura de Nova Palmeira<\/a><\/h2>\n\n\n\n<ul class=\"wp-block-list\"><li><strong>Vagas:&nbsp;<\/strong>28<\/li><li><strong>N\u00edveis:<\/strong>&nbsp;fundamental, m\u00e9dio e superior<\/li><li><strong>Sal\u00e1rios:<\/strong>&nbsp;R$ 998 a R$ 2,237,89<\/li><li><strong>Prazo de inscri\u00e7\u00e3o:&nbsp;<\/strong>at\u00e9 26 de maio<\/li><li><strong>Local de inscri\u00e7\u00e3o:<\/strong>&nbsp;<a href=\"https:\/\/cpcon.uepb.edu.br\/concursos\/Concurso_Nova_Palmeira\/\" target=\"_blank\" rel=\"noreferrer noopener\">site da organizadora, Cpcon<\/a><\/li><li><strong>Taxas de inscri\u00e7\u00e3o:<\/strong>&nbsp;R$ 60 (n\u00edvel fundamental), R$ 80 (m\u00e9dio) e R$ 100 (superior)<\/li><li><strong>Provas:<\/strong>&nbsp;14 de julho<\/li><li><a href=\"https:\/\/cpcon.uepb.edu.br\/concursos\/Concurso_Nova_Palmeira\/Editais\/EDITAL_NOVA_PALMEIRA.pdf,\" target=\"_blank\" rel=\"noreferrer noopener\">Edital do concurso da Prefeitura de Nova Palmeira<\/a><\/li><\/ul>\n\n\n\n<h2 class=\"wp-block-heading\"><a href=\"https:\/\/g1.globo.com\/pb\/paraiba\/noticia\/2019\/04\/24\/divulgado-edital-do-concurso-da-prefeitura-de-cuite-pb.ghtml\">Concurso da Prefeitura de Cuit\u00e9<\/a><\/h2>\n\n\n\n<ul class=\"wp-block-list\"><li><strong>Vagas:&nbsp;<\/strong>142<\/li><li><strong>N\u00edveis:<\/strong>&nbsp;fundamental, m\u00e9dio e superior<\/li><li><strong>Sal\u00e1rios:&nbsp;<\/strong>R$ 998 a R$ 6 mil<\/li><li><strong>Prazo de inscri\u00e7\u00e3o:&nbsp;<\/strong>at\u00e9 26 de maio<\/li><li><strong>Local de inscri\u00e7\u00e3o:<\/strong>&nbsp;site da organizadora, Cpcon<\/li><li><strong>Taxas de inscri\u00e7\u00e3o:&nbsp;<\/strong>R$ 60 (n\u00edvel fundamental), R$ 80 (m\u00e9dio) e R$ 100 (superior)<\/li><li><strong>Provas:<\/strong>&nbsp;14 de julho<\/li><li><a href=\"https:\/\/cpcon.uepb.edu.br\/concursos\/PM_Cuite\/Edital\/EDITAL_NORMATIVO_CONCURSO_PUBLICO_001_CUITE.pdf\" target=\"_blank\" rel=\"noreferrer noopener\">Edital do concurso da Prefeitura de Cuit\u00e9<\/a><\/li><\/ul>\n\n\n\n<h2 class=\"wp-block-heading\"><a href=\"https:\/\/g1.globo.com\/pb\/paraiba\/noticia\/2019\/04\/24\/divulgado-edital-de-concurso-da-prefeitura-de-picui-pb.ghtml\">Concurso da Prefeitura de Picu\u00ed<\/a><\/h2>\n\n\n\n<ul class=\"wp-block-list\"><li><strong>Vagas:&nbsp;<\/strong>46<\/li><li><strong>N\u00edveis:&nbsp;<\/strong>fundamental, m\u00e9dio e superior<\/li><li><strong>Sal\u00e1rios:&nbsp;<\/strong>R$ 998 a R$ 3.928,15<\/li><li><strong>Prazo de inscri\u00e7\u00e3o:&nbsp;<\/strong>at\u00e9 26 de maio<\/li><li><strong>Local de inscri\u00e7\u00e3o:&nbsp;<\/strong><a href=\"https:\/\/cpcon.uepb.edu.br\/concursos\/CONCURSO_PREFEITURA_MUNICIPAL_PICUI\/\" target=\"_blank\" rel=\"noreferrer noopener\">site da organizadora, Cpcon<\/a><\/li><li><strong>Taxas de inscri\u00e7\u00e3o:&nbsp;<\/strong>R$ 60 (n\u00edvel fundamental), R$ 80 (m\u00e9dio) e R$ 100 (superior)<\/li><li><strong>Provas:&nbsp;<\/strong>14 de julho<\/li><li><a href=\"https:\/\/cpcon.uepb.edu.br\/concursos\/CONCURSO_PREFEITURA_MUNICIPAL_PICUI\/Editais\/EDITAL_NORMATIVO_CONCURSO_PREFEITURA_MUNICIPAL_PICUI_RETIFICADO.pdf\" target=\"_blank\" rel=\"noreferrer noopener\">Edital do concurso da Prefeitura de Picu\u00ed<\/a><\/li><\/ul>\n\n\n\n<h2 class=\"wp-block-heading\"><a href=\"https:\/\/g1.globo.com\/pb\/paraiba\/noticia\/2019\/04\/19\/divulgado-edital-de-concurso-da-prefeitura-de-itaporanga-pb-com-quase-100-vagas.ghtml\">Concurso da prefeitura de Itaporanga<\/a><\/h2>\n\n\n\n<ul class=\"wp-block-list\"><li><strong>Vagas:&nbsp;<\/strong>99<\/li><li><strong>N\u00edveis:&nbsp;<\/strong>todos<\/li><li><strong>Sal\u00e1rios:<\/strong>&nbsp;R$ 998 a R$ 1.424<\/li><li><strong>Prazo de inscri\u00e7\u00e3o:&nbsp;<\/strong>at\u00e9 26 de maio<\/li><li><strong>Local de inscri\u00e7\u00e3o:<\/strong>&nbsp;<a href=\"https:\/\/cpcon.uepb.edu.br\/concursos\/PM_Itaporanga\/\" target=\"_blank\" rel=\"noreferrer noopener\">site da organizadora, Cpcon<\/a><\/li><li><strong>Taxas de inscri\u00e7\u00e3o:&nbsp;<\/strong>R$ 60 (n\u00edvel fundamental), R$ 80 (m\u00e9dio) e R$ 100 (superior)<\/li><li><strong>Provas:<\/strong>&nbsp;14 de julho<\/li><li><a href=\"https:\/\/cpcon.uepb.edu.br\/concursos\/PM_Itaporanga\/Edital\/EDITAL_NORMATIVO_CONCURSO_PUBLICO_N_001_2019_PMI-PB.pdf\" target=\"_blank\" rel=\"noreferrer noopener\">Edital do concurso da prefeitura de Itaporanga<\/a><\/li><\/ul>\n\n\n\n<h2 class=\"wp-block-heading\"><a href=\"https:\/\/g1.globo.com\/pb\/paraiba\/noticia\/2019\/04\/29\/divulgado-edital-de-concurso-da-prefeitura-de-sao-domingos-do-cariri-pb.ghtml\">Concurso da Prefeitura de S\u00e3o Domingos do Cariri<\/a><\/h2>\n\n\n\n<ul class=\"wp-block-list\"><li><strong>Vagas:<\/strong>&nbsp;19<\/li><li><strong>N\u00edveis:&nbsp;<\/strong>fundamental, m\u00e9dio e superior<\/li><li><strong>Sal\u00e1rios:<\/strong>&nbsp;R$ 998 a R$ 2,430<\/li><li><strong>Prazo de inscri\u00e7\u00e3o:<\/strong>&nbsp;6 a 30 de maio<\/li><li><strong>Local de inscri\u00e7\u00e3o:&nbsp;<\/strong><a href=\"https:\/\/cpcon.uepb.edu.br\/\" target=\"_blank\" rel=\"noreferrer noopener\">site da organizadora, Cpcon<\/a><\/li><li><strong>Taxas de inscri\u00e7\u00e3o:<\/strong>&nbsp;R$ 65 (n\u00edvel fundamental), R$ 85 (m\u00e9dio) e R$ 105 (superior)<\/li><li><strong>Provas:&nbsp;<\/strong>14 de julho<\/li><li><a href=\"https:\/\/cpcon.uepb.edu.br\/concursos\/2019_pm_sao_domingos_do_cariri\/Editais\/EDITAL_NORMATIVO_001_PMSDC.pdf\" target=\"_blank\" rel=\"noreferrer noopener\">Edital do concurso da Prefeitura de S\u00e3o Domingos do Cariri<\/a><\/li><\/ul>\n\n\n\n<h2 class=\"wp-block-heading\"><a href=\"https:\/\/g1.globo.com\/pb\/paraiba\/noticia\/2019\/04\/29\/divulgado-edital-do-concurso-da-prefeitura-de-solanea-pb.ghtml\">Concurso da Prefeitura de Sol\u00e2nea<\/a><\/h2>\n\n\n\n<ul class=\"wp-block-list\"><li><strong>Vagas:<\/strong>&nbsp;121<\/li><li><strong>N\u00edveis:<\/strong>&nbsp;fundamental, m\u00e9dio e superior<\/li><li><strong>Sal\u00e1rios:&nbsp;<\/strong>R$ 998 a R$ 7.600<\/li><li><strong>Prazo de inscri\u00e7\u00e3o:&nbsp;<\/strong>6 a 30 de maio<\/li><li><strong>Local de inscri\u00e7\u00e3o:<\/strong>&nbsp;<a href=\"https:\/\/cpcon.uepb.edu.br\/\" target=\"_blank\" rel=\"noreferrer noopener\">site da organizadora, Cpcon<\/a><\/li><li><strong>Taxas de inscri\u00e7\u00e3o:&nbsp;<\/strong>R$ 65 (n\u00edvel fundamental), R$ 85 (m\u00e9dio) e R$ 10 (superior)<\/li><li><strong>Provas:&nbsp;<\/strong>14 de julho<\/li><li><a href=\"https:\/\/cpcon.uepb.edu.br\/concursos\/2019_pm_solanea\/Editais\/EDITAL_NORMATIVO_001_PMS.pdf\" target=\"_blank\" rel=\"noreferrer noopener\">Edital do concurso da Prefeitura de Sol\u00e2nea<\/a><\/li><\/ul>\n\n\n\n<figure><iframe data-src=\"https:\/\/tpc.googlesyndication.com\/safeframe\/1-0-33\/html\/container.html\" width=\"970\" height=\"250\" src=\"data:image\/svg+xml;base64,PHN2ZyB3aWR0aD0iMSIgaGVpZ2h0PSIxIiB4bWxucz0iaHR0cDovL3d3dy53My5vcmcvMjAwMC9zdmciPjwvc3ZnPg==\" class=\"lazyload\" data-load-mode=\"1\"><\/iframe><\/figure>\n\n\n\n<h2 class=\"wp-block-heading\"><a href=\"https:\/\/g1.globo.com\/pb\/paraiba\/noticia\/2019\/04\/23\/divulgado-edital-do-concurso-para-professor-da-rede-estadual-da-paraiba.ghtml\">Concurso para professor do Estado da Para\u00edba<\/a><\/h2>\n\n\n\n<ul class=\"wp-block-list\"><li><strong>Vagas:<\/strong>&nbsp;1 mil<\/li><li><strong>N\u00edvel:&nbsp;<\/strong>superior<\/li><li><strong>Vencimentos:&nbsp;<\/strong>R$ 2.110.12<\/li><li><strong>Prazo de inscri\u00e7\u00e3o:<\/strong>&nbsp;at\u00e9 6 de junho<\/li><li><strong>Local de inscri\u00e7\u00e3o:&nbsp;<\/strong><a href=\"http:\/\/www.institutoaocp.org.br\/concurso.jsp?id=220\" target=\"_blank\" rel=\"noreferrer noopener\">site da organizadora, Instituto AOCP<\/a><\/li><li><strong>Taxa de inscri\u00e7\u00e3o:<\/strong>&nbsp;R$ 39<\/li><li><strong>Provas:&nbsp;<\/strong>21 de julho<\/li><li><a href=\"https:\/\/auniao.pb.gov.br\/servicos\/arquivo-digital\/doe\/2019\/abril\/diario-oficial-20-04-2019.pdf\" target=\"_blank\" rel=\"noreferrer noopener\">Edital do concurso para professor do Estado da Para\u00edba<\/a><\/li><\/ul>\n\n\n\n<ul class=\"wp-block-list\"><li><\/li><\/ul>\n","protected":false},"excerpt":{"rendered":"<p>Mais de 1.900 vagas de emprego s\u00e3o oferecidas em 11 editais de concursos e empregos publicados na Para\u00edba nesta semana de 5 a 12 de&hellip; <\/p>\n","protected":false},"author":1,"featured_media":75898,"comment_status":"closed","ping_status":"closed","sticky":false,"template":"","format":"standard","meta":{"sfsi_plus_gutenberg_text_before_share":"","sfsi_plus_gutenberg_show_text_before_share":"","sfsi_plus_gutenberg_icon_type":"","sfsi_plus_gutenberg_icon_alignemt":"","sfsi_plus_gutenburg_max_per_row":"","footnotes":""},"categories":[2],"tags":[],"class_list":["post-93952","post","type-post","status-publish","format-standard","has-post-thumbnail","hentry","category-geral"],"_links":{"self":[{"href":"https:\/\/www.caririemacao.com\/1\/wp-json\/wp\/v2\/posts\/93952","targetHints":{"allow":["GET"]}}],"collection":[{"href":"https:\/\/www.caririemacao.com\/1\/wp-json\/wp\/v2\/posts"}],"about":[{"href":"https:\/\/www.caririemacao.com\/1\/wp-json\/wp\/v2\/types\/post"}],"author":[{"embeddable":true,"href":"https:\/\/www.caririemacao.com\/1\/wp-json\/wp\/v2\/users\/1"}],"replies":[{"embeddable":true,"href":"https:\/\/www.caririemacao.com\/1\/wp-json\/wp\/v2\/comments?post=93952"}],"version-history":[{"count":1,"href":"https:\/\/www.caririemacao.com\/1\/wp-json\/wp\/v2\/posts\/93952\/revisions"}],"predecessor-version":[{"id":93953,"href":"https:\/\/www.caririemacao.com\/1\/wp-json\/wp\/v2\/posts\/93952\/revisions\/93953"}],"wp:featuredmedia":[{"embeddable":true,"href":"https:\/\/www.caririemacao.com\/1\/wp-json\/wp\/v2\/media\/75898"}],"wp:attachment":[{"href":"https:\/\/www.caririemacao.com\/1\/wp-json\/wp\/v2\/media?parent=93952"}],"wp:term":[{"taxonomy":"category","embeddable":true,"href":"https:\/\/www.caririemacao.com\/1\/wp-json\/wp\/v2\/categories?post=93952"},{"taxonomy":"post_tag","embeddable":true,"href":"https:\/\/www.caririemacao.com\/1\/wp-json\/wp\/v2\/tags?post=93952"}],"curies":[{"name":"wp","href":"https:\/\/api.w.org\/{rel}","templated":true}]}}