{"id":93962,"date":"2019-05-06T08:37:52","date_gmt":"2019-05-06T11:37:52","guid":{"rendered":"http:\/\/www.caririemacao.com\/1\/?p=93962"},"modified":"2019-05-06T08:37:52","modified_gmt":"2019-05-06T11:37:52","slug":"prefeito-dalyson-neves-participa-da-convencao-estadual-do-psdb","status":"publish","type":"post","link":"https:\/\/www.caririemacao.com\/1\/2019\/05\/06\/prefeito-dalyson-neves-participa-da-convencao-estadual-do-psdb\/","title":{"rendered":"Prefeito Dalyson Neves participa da conven\u00e7\u00e3o estadual do PSDB"},"content":{"rendered":"\n<p>Sempre com o pensamento de que a pol\u00edtica \u00e9 uma ci\u00eancia capaz de combater a desigualdade, o prefeito de Zabel\u00ea, Dalyson Neves (PSDB), participou da conven\u00e7\u00e3o estadual do seu partido, neste domingo(05), no audit\u00f3rio do Hotel Hardman, no bairro de Mana\u00edra, em Jo\u00e3o Pessoa. Dalyson veio ao evento porque acredita, de fato, em &#8221; Um novo tempo. Um novo PSDB&#8221;. Para o gestor zabelense, n\u00e3o se trata apenas de um slogan ou de uma pe\u00e7a de marketing.<br>Segundo ele, o PSDB paraibano est\u00e1 verdadeiramente de alma nova. Ele disse que \u00e9 uma renova\u00e7\u00e3o de comando e\u00a0 muito mais que isso: uma renova\u00e7\u00e3o de compromissos para engrandecer o estado da Paraiba e, assim, elevar cada vez mais a estima do povo paraibano.<br>Acompanharam o prefeito, Wagner Dantas (secret\u00e1rio de esportes), os vereadores Ecleziano Bezerra e Gerson Magdiel, Laylson Teixeira (secret\u00e1rio de sa\u00fade) e Jos\u00e9 Inaldo (secret\u00e1rio de finan\u00e7as).<br>Os convencionais escolheram para presidir a legenda, no estado, at\u00e9 2021 o deputado federal Pedro Cunha Lima. A deputada estadual Camila Toscano de Morais \u00e9 a primeira vice-presidente. O prefeiro da cidade de Santa Rita, Emerson Fernandes Alvino Panta foi agraciado com a segunda vice-presid\u00eancia. J\u00e1 o prefeito da cidade de Guarabira, Zen\u00f3bio Toscano de Oliveira, vai responder pela a secretaria geral.<\/p>\n\n\n\n<p>S\u00f3PB<\/p>\n","protected":false},"excerpt":{"rendered":"<p>Sempre com o pensamento de que a pol\u00edtica \u00e9 uma ci\u00eancia capaz de combater a desigualdade, o prefeito de Zabel\u00ea, Dalyson Neves (PSDB), participou da&hellip; <\/p>\n","protected":false},"author":1,"featured_media":93963,"comment_status":"closed","ping_status":"closed","sticky":false,"template":"","format":"standard","meta":{"sfsi_plus_gutenberg_text_before_share":"","sfsi_plus_gutenberg_show_text_before_share":"","sfsi_plus_gutenberg_icon_type":"","sfsi_plus_gutenberg_icon_alignemt":"","sfsi_plus_gutenburg_max_per_row":"","footnotes":""},"categories":[2],"tags":[],"class_list":["post-93962","post","type-post","status-publish","format-standard","has-post-thumbnail","hentry","category-geral"],"_links":{"self":[{"href":"https:\/\/www.caririemacao.com\/1\/wp-json\/wp\/v2\/posts\/93962","targetHints":{"allow":["GET"]}}],"collection":[{"href":"https:\/\/www.caririemacao.com\/1\/wp-json\/wp\/v2\/posts"}],"about":[{"href":"https:\/\/www.caririemacao.com\/1\/wp-json\/wp\/v2\/types\/post"}],"author":[{"embeddable":true,"href":"https:\/\/www.caririemacao.com\/1\/wp-json\/wp\/v2\/users\/1"}],"replies":[{"embeddable":true,"href":"https:\/\/www.caririemacao.com\/1\/wp-json\/wp\/v2\/comments?post=93962"}],"version-history":[{"count":1,"href":"https:\/\/www.caririemacao.com\/1\/wp-json\/wp\/v2\/posts\/93962\/revisions"}],"predecessor-version":[{"id":93964,"href":"https:\/\/www.caririemacao.com\/1\/wp-json\/wp\/v2\/posts\/93962\/revisions\/93964"}],"wp:featuredmedia":[{"embeddable":true,"href":"https:\/\/www.caririemacao.com\/1\/wp-json\/wp\/v2\/media\/93963"}],"wp:attachment":[{"href":"https:\/\/www.caririemacao.com\/1\/wp-json\/wp\/v2\/media?parent=93962"}],"wp:term":[{"taxonomy":"category","embeddable":true,"href":"https:\/\/www.caririemacao.com\/1\/wp-json\/wp\/v2\/categories?post=93962"},{"taxonomy":"post_tag","embeddable":true,"href":"https:\/\/www.caririemacao.com\/1\/wp-json\/wp\/v2\/tags?post=93962"}],"curies":[{"name":"wp","href":"https:\/\/api.w.org\/{rel}","templated":true}]}}