{"id":93974,"date":"2019-05-06T08:48:30","date_gmt":"2019-05-06T11:48:30","guid":{"rendered":"http:\/\/www.caririemacao.com\/1\/?p=93974"},"modified":"2019-05-06T08:48:30","modified_gmt":"2019-05-06T11:48:30","slug":"ex-vereador-de-monteiro-anuncia-apoio-a-reeleicao-da-prefeita-anna-lorena","status":"publish","type":"post","link":"https:\/\/www.caririemacao.com\/1\/2019\/05\/06\/ex-vereador-de-monteiro-anuncia-apoio-a-reeleicao-da-prefeita-anna-lorena\/","title":{"rendered":"Ex-vereador de Monteiro anuncia apoio \u00e0 reelei\u00e7\u00e3o da prefeita Anna Lorena"},"content":{"rendered":"\n<figure class=\"wp-block-image\"><img fetchpriority=\"high\" decoding=\"async\" width=\"300\" height=\"200\" src=\"http:\/\/www.caririemacao.com\/1\/wp-content\/uploads\/2019\/05\/lorena_heleno-300x200-1.jpg\" alt=\"\" class=\"wp-image-93976\"\/><\/figure>\n\n\n\n<p>O ex-vereador Heleno Fernandes de Freitas, popularmente conhecido por Heleno de Amadeu, revelou neste s\u00e1bado, 4, durante a reuni\u00e3o do Or\u00e7amento Democr\u00e1tico Estadual (ODE), que a partir de agora est\u00e1 aliado ao projeto pol\u00edtico da prefeita Anna Lorena.<\/p>\n\n\n\n<p>Heleno de Amadeu era aliado do deputado estadual Jo\u00e3o Henrique, em quem votou nas elei\u00e7\u00f5es de 2018, assim como tamb\u00e9m apoiou a candidatura de Edna Henrique para deputada federal, por\u00e9m, a falta de compromisso do casal com o munic\u00edpio de Monteiro o fez desistir de seguir acompanhando o casal.<\/p>\n\n\n\n<p>Segundo Heleno de Amadeu, as a\u00e7\u00f5es pol\u00edticas do grupo Henrique s\u00e3o voltadas apenas para os benef\u00edcios de pessoas ligadas umbilicalmente ao casal, e, aqueles que trabalham por benef\u00edcios coletivos em favor de Monteiro s\u00e3o relevados a um segundo plano.<\/p>\n\n\n\n<p>O ex-vereador afirmou que a prefeita Anna Lorena \u00e9 uma pessoa de di\u00e1logo f\u00e1cil, compreensiva e que vem enfrentando o grupo advers\u00e1rio de cabe\u00e7a erguida e com dignidade, administrando Monteiro com transpar\u00eancia, recebendo a aprova\u00e7\u00e3o da popula\u00e7\u00e3o.<\/p>\n\n\n\n<p>\u201cMonteiro perdeu muito com a intransig\u00eancia do deputado Jo\u00e3o Henrique em peitar o governo do Estado. S\u00f3 agora com o di\u00e1logo e o respeito com as institui\u00e7\u00f5es, o nosso munic\u00edpio come\u00e7a a receber benef\u00edcios, a exemplo do asfalto, da reforma do Aer\u00f3dromo, perfura\u00e7\u00e3o de po\u00e7os, e o cal\u00e7amento que liga o bairro do cemit\u00e9rio ao posto Alvorada, cuja obra deve ser iniciada ainda neste semestre\u201d.<\/p>\n\n\n\n<p>Heleno de Amadeu afirmou ainda, que existem grandes insatisfa\u00e7\u00f5es no grupo pol\u00edtico do deputado Jo\u00e3o Henrique e que at\u00e9 o final deste m\u00eas muitas novidades dever\u00e3o acontecer.<\/p>\n\n\n\n<p>Finalizando, Heleno de Amadeu confirmou que a fam\u00edlia Amadeu voltar\u00e1 a disputar uma vaga no Legislativo Municipal em 2020 com o objetivo de fortalecer a reelei\u00e7\u00e3o da prefeita Anna Lorena e nos pr\u00f3ximos dias, tanto ele como as lideran\u00e7as pol\u00edticas que o acompanham ingressar\u00e3o no mesmo partido que a prefeita Anna Lorena for se filiar, seja ele o PR ou PSB.<\/p>\n\n\n\n<p><strong>VITRINE DO CARIRI<\/strong><\/p>\n","protected":false},"excerpt":{"rendered":"<p>O ex-vereador Heleno Fernandes de Freitas, popularmente conhecido por Heleno de Amadeu, revelou neste s\u00e1bado, 4, durante a reuni\u00e3o do Or\u00e7amento Democr\u00e1tico Estadual (ODE), que&hellip; <\/p>\n","protected":false},"author":1,"featured_media":12074,"comment_status":"closed","ping_status":"closed","sticky":false,"template":"","format":"standard","meta":{"sfsi_plus_gutenberg_text_before_share":"","sfsi_plus_gutenberg_show_text_before_share":"","sfsi_plus_gutenberg_icon_type":"","sfsi_plus_gutenberg_icon_alignemt":"","sfsi_plus_gutenburg_max_per_row":"","footnotes":""},"categories":[2],"tags":[],"class_list":["post-93974","post","type-post","status-publish","format-standard","has-post-thumbnail","hentry","category-geral"],"_links":{"self":[{"href":"https:\/\/www.caririemacao.com\/1\/wp-json\/wp\/v2\/posts\/93974","targetHints":{"allow":["GET"]}}],"collection":[{"href":"https:\/\/www.caririemacao.com\/1\/wp-json\/wp\/v2\/posts"}],"about":[{"href":"https:\/\/www.caririemacao.com\/1\/wp-json\/wp\/v2\/types\/post"}],"author":[{"embeddable":true,"href":"https:\/\/www.caririemacao.com\/1\/wp-json\/wp\/v2\/users\/1"}],"replies":[{"embeddable":true,"href":"https:\/\/www.caririemacao.com\/1\/wp-json\/wp\/v2\/comments?post=93974"}],"version-history":[{"count":1,"href":"https:\/\/www.caririemacao.com\/1\/wp-json\/wp\/v2\/posts\/93974\/revisions"}],"predecessor-version":[{"id":93977,"href":"https:\/\/www.caririemacao.com\/1\/wp-json\/wp\/v2\/posts\/93974\/revisions\/93977"}],"wp:featuredmedia":[{"embeddable":true,"href":"https:\/\/www.caririemacao.com\/1\/wp-json\/wp\/v2\/media\/12074"}],"wp:attachment":[{"href":"https:\/\/www.caririemacao.com\/1\/wp-json\/wp\/v2\/media?parent=93974"}],"wp:term":[{"taxonomy":"category","embeddable":true,"href":"https:\/\/www.caririemacao.com\/1\/wp-json\/wp\/v2\/categories?post=93974"},{"taxonomy":"post_tag","embeddable":true,"href":"https:\/\/www.caririemacao.com\/1\/wp-json\/wp\/v2\/tags?post=93974"}],"curies":[{"name":"wp","href":"https:\/\/api.w.org\/{rel}","templated":true}]}}