{"id":93978,"date":"2019-05-06T08:51:28","date_gmt":"2019-05-06T11:51:28","guid":{"rendered":"http:\/\/www.caririemacao.com\/1\/?p=93978"},"modified":"2019-05-06T08:51:28","modified_gmt":"2019-05-06T11:51:28","slug":"bolsonaro-assinara-decreto-que-permite-transporte-de-armas-com-municao-por-atiradores","status":"publish","type":"post","link":"https:\/\/www.caririemacao.com\/1\/2019\/05\/06\/bolsonaro-assinara-decreto-que-permite-transporte-de-armas-com-municao-por-atiradores\/","title":{"rendered":"Bolsonaro assinar\u00e1 decreto que permite transporte de armas com muni\u00e7\u00e3o por atiradores"},"content":{"rendered":"\n<p>O presidente Jair Bolsonaro afirmou, neste domingo (5), que assinar\u00e1 na pr\u00f3xima ter\u00e7a-feira (7),&nbsp;decreto para facilitar a vida de ca\u00e7adores, atiradores e colecionadores de armas, os chamados CACs. Sem entrar em detalhes, ele disse que o texto tratar\u00e1 de quantidade de muni\u00e7\u00e3o e do transporte de arma municiada. A declara\u00e7\u00e3o foi dada ap\u00f3s ser questionado por pessoas que o aguardavam na porta do Pal\u00e1cio do Alvorada.<\/p>\n\n\n\n<p>Em janeiro deste ano, pouco ap\u00f3s assumir o cargo, Bolsonaro assinou decreto que flexibilizou a posse de armas no pa\u00eds. Na ocasi\u00e3o, o texto foi considerado &#8220;t\u00edmido&#8221; pelos que defendem mais acesso a armas pela popula\u00e7\u00e3o.<\/p>\n\n\n\n<p>Bolsonaro deixou a resid\u00eancia oficial, no in\u00edcio da tarde deste domingo, para participar do enterro da m\u00e3e de um ex-funcion\u00e1rio de seu gabinete na C\u00e2mara. A cerim\u00f4nia ocorreu na cemit\u00e9rio Campo da Esperan\u00e7a, em Bras\u00edlia. Segundo os presentes, trata-se da m\u00e3e de Eduardo Guimar\u00e3es.<\/p>\n\n\n\n<p>Na chegada ao local, o presidente cumprimentou pessoas que acompanhavam o cortejo e caminhou abra\u00e7ado ao ex-funcion\u00e1rio. O filho e deputado federal Eduardo Bolsonaro (PSL-SP) tamb\u00e9m participou do enterro.<\/p>\n\n\n\n<p><strong>Nova York<\/strong><\/p>\n\n\n\n<p>Questionado sobre o cancelamento de sua ida a Nova York, prevista para a semana que vem, o presidente respondeu apenas que ainda &#8220;vai aos Estados Unidos&#8221;, mas n\u00e3o detalhou itiner\u00e1rio, nem a data.<\/p>\n\n\n\n<p>Na sexta-feira, o porta-voz da Presid\u00eancia, Ot\u00e1vio do R\u00eago Barros, divulgou nota em que comunicava a desist\u00eancia de Bolsonaro de ir a Nova York receber o pr\u00eamio Pessoa do Ano, organizado pela C\u00e2mara de Com\u00e9rcio Brasil-Estados Unidos. O motivo do cancelamento foi a repercuss\u00e3o negativa da presen\u00e7a do presidente no evento, previsto para o pr\u00f3ximo dia 14.<\/p>\n\n\n\n<p>Bolsonaro vinha recebendo cr\u00edticas de pol\u00edticos americanos, principalmente do prefeito de Nova York, Bill de Blasio, e do senador Brad Hoylman, ambos democratas. Os dois comemoraram a desist\u00eancia do brasileiro.<\/p>\n\n\n\n<p>No s\u00e1bado, o vice-presidente Hamilton Mour\u00e3o atribuiu o cancelamento a disputas internas nos EUA. &#8220;A realidade \u00e9 que o presidente se sente incomodado pela atitude do prefeito de Nova York, que nada mais \u00e9 do que uma disputa interna nos Estados Unidos&#8221;, disse Mour\u00e3o ap\u00f3s participar da Festa Nacional da Cavalaria do Rio Grande do Sul, no munic\u00edpio de Tramanda\u00ed.&nbsp;<\/p>\n\n\n\n<p>&#8220;O prefeito \u00e9 democrata, o presidente Donald Trump \u00e9 republicano e o presidente Jair Bolsonaro julgou por bem n\u00e3o se meter em algo que \u00e9 uma disputa de outro pa\u00eds&#8221;, afirmou o vice.<\/p>\n","protected":false},"excerpt":{"rendered":"<p>O presidente Jair Bolsonaro afirmou, neste domingo (5), que assinar\u00e1 na pr\u00f3xima ter\u00e7a-feira (7),&nbsp;decreto para facilitar a vida de ca\u00e7adores, atiradores e colecionadores de armas,&hellip; <\/p>\n","protected":false},"author":1,"featured_media":93979,"comment_status":"closed","ping_status":"closed","sticky":false,"template":"","format":"standard","meta":{"sfsi_plus_gutenberg_text_before_share":"","sfsi_plus_gutenberg_show_text_before_share":"","sfsi_plus_gutenberg_icon_type":"","sfsi_plus_gutenberg_icon_alignemt":"","sfsi_plus_gutenburg_max_per_row":"","footnotes":""},"categories":[11],"tags":[],"class_list":["post-93978","post","type-post","status-publish","format-standard","has-post-thumbnail","hentry","category-politica"],"_links":{"self":[{"href":"https:\/\/www.caririemacao.com\/1\/wp-json\/wp\/v2\/posts\/93978","targetHints":{"allow":["GET"]}}],"collection":[{"href":"https:\/\/www.caririemacao.com\/1\/wp-json\/wp\/v2\/posts"}],"about":[{"href":"https:\/\/www.caririemacao.com\/1\/wp-json\/wp\/v2\/types\/post"}],"author":[{"embeddable":true,"href":"https:\/\/www.caririemacao.com\/1\/wp-json\/wp\/v2\/users\/1"}],"replies":[{"embeddable":true,"href":"https:\/\/www.caririemacao.com\/1\/wp-json\/wp\/v2\/comments?post=93978"}],"version-history":[{"count":1,"href":"https:\/\/www.caririemacao.com\/1\/wp-json\/wp\/v2\/posts\/93978\/revisions"}],"predecessor-version":[{"id":93980,"href":"https:\/\/www.caririemacao.com\/1\/wp-json\/wp\/v2\/posts\/93978\/revisions\/93980"}],"wp:featuredmedia":[{"embeddable":true,"href":"https:\/\/www.caririemacao.com\/1\/wp-json\/wp\/v2\/media\/93979"}],"wp:attachment":[{"href":"https:\/\/www.caririemacao.com\/1\/wp-json\/wp\/v2\/media?parent=93978"}],"wp:term":[{"taxonomy":"category","embeddable":true,"href":"https:\/\/www.caririemacao.com\/1\/wp-json\/wp\/v2\/categories?post=93978"},{"taxonomy":"post_tag","embeddable":true,"href":"https:\/\/www.caririemacao.com\/1\/wp-json\/wp\/v2\/tags?post=93978"}],"curies":[{"name":"wp","href":"https:\/\/api.w.org\/{rel}","templated":true}]}}