{"id":93984,"date":"2019-05-06T08:53:28","date_gmt":"2019-05-06T11:53:28","guid":{"rendered":"http:\/\/www.caririemacao.com\/1\/?p=93984"},"modified":"2019-05-06T08:53:28","modified_gmt":"2019-05-06T11:53:28","slug":"comecam-hoje-as-inscricoes-para-processo-seletivo-com-1-000-vagas-em-cursos-tecnicos-do-ifpb","status":"publish","type":"post","link":"https:\/\/www.caririemacao.com\/1\/2019\/05\/06\/comecam-hoje-as-inscricoes-para-processo-seletivo-com-1-000-vagas-em-cursos-tecnicos-do-ifpb\/","title":{"rendered":"Come\u00e7am hoje as inscri\u00e7\u00f5es para processo seletivo com 1.000 vagas em cursos t\u00e9cnicos do IFPB"},"content":{"rendered":"\n<p>Come\u00e7a nesta&nbsp;segunda-feira (6) o prazo de inscri\u00e7\u00f5es para o processo seletivo dos cursos t\u00e9cnicos presenciais do Instituto Federal da Para\u00edba (IFPB) no per\u00edodo 2019.2. S\u00e3o 1.110 vagas distribu\u00eddas nos campi de Areia, Cabedelo, Cabedelo Centro, Cajazeiras, Campina Grande, Esperan\u00e7a, Jo\u00e3o Pessoa, Jo\u00e3o Pessoa\/Mangabeira, Monteiro, Patos, Pedras de Fogo, Picu\u00ed, Princesa Isabel, Santa Luzia, Soledade e Sousa.<\/p>\n\n\n\n<p>As inscri\u00e7\u00f5es ser\u00e3o encerradas no dia 24 de maio. Poder\u00e3o se inscrever os candidatos que tenham conclu\u00eddo ou que estejam concluindo o ensino m\u00e9dio.<\/p>\n\n\n\n<p><a href=\"https:\/\/www.clickpb.com.br\/media\/filer_public\/79\/c8\/79c81045-5a5b-4cfb-bd00-7687e0f00242\/edital_55_subsequente_20192_ifpb.pdf\">Confira todas as informa\u00e7\u00f5es no Edital n\u00ba 55\/2019<\/a><\/p>\n\n\n\n<p>Al\u00e9m disso, dever\u00e3o apresentar a documenta\u00e7\u00e3o constante do edital e preencher, eletronicamente, todos os itens do Formul\u00e1rio de Inscri\u00e7\u00e3o, disponibilizado no endere\u00e7o eletr\u00f4nico do&nbsp;<a href=\"https:\/\/estudante.ifpb.edu.br\/processoseletivo\/processo\/1\/\">Portal do Estudante<\/a>, inclusive o Question\u00e1rio Socioecon\u00f4mico.<\/p>\n\n\n\n<p><a href=\"https:\/\/www.clickpb.com.br\/media\/filer_public\/f6\/13\/f61341ee-72a0-458a-9d74-30ae0f092729\/edital_56_subsequente_musica_joao_pessoa_e_monteiro_20192_ifpb.pdf\">Para o curso de T\u00e9cnico em Instrumento Musical, confira as informa\u00e7\u00f5es no Edital n\u00ba 56\/2019<\/a><\/p>\n\n\n\n<p>Os cursos oferecidos s\u00e3o T\u00e9cnico em Agropecu\u00e1ria, T\u00e9cnico em Cuidados de Idosos, T\u00e9cnico em Edifica\u00e7\u00f5es, T\u00e9cnico em Eletr\u00f4nica, T\u00e9cnico em Eletromec\u00e2nica, T\u00e9cnico em Eletrot\u00e9cnica, T\u00e9cnico em Equipamentos Biom\u00e9dicos, T\u00e9cnico em Inform\u00e1tica, T\u00e9cnico em Instrumento Musical, T\u00e9cnico em Manuten\u00e7\u00e3o e Suporte em Inform\u00e1tica, T\u00e9cnico em Minera\u00e7\u00e3o, T\u00e9cnico em Mec\u00e2nica, T\u00e9cnico em Restaurante e Bar, T\u00e9cnico em Meio Ambiente, T\u00e9cnico em Qu\u00edmica, T\u00e9cnico em Servi\u00e7os Jur\u00eddicos, T\u00e9cnico em Secretariado.<\/p>\n","protected":false},"excerpt":{"rendered":"<p>Come\u00e7a nesta&nbsp;segunda-feira (6) o prazo de inscri\u00e7\u00f5es para o processo seletivo dos cursos t\u00e9cnicos presenciais do Instituto Federal da Para\u00edba (IFPB) no per\u00edodo 2019.2. S\u00e3o&hellip; <\/p>\n","protected":false},"author":1,"featured_media":93985,"comment_status":"closed","ping_status":"closed","sticky":false,"template":"","format":"standard","meta":{"sfsi_plus_gutenberg_text_before_share":"","sfsi_plus_gutenberg_show_text_before_share":"","sfsi_plus_gutenberg_icon_type":"","sfsi_plus_gutenberg_icon_alignemt":"","sfsi_plus_gutenburg_max_per_row":"","footnotes":""},"categories":[50,14],"tags":[],"class_list":["post-93984","post","type-post","status-publish","format-standard","has-post-thumbnail","hentry","category-destaque","category-educacao"],"_links":{"self":[{"href":"https:\/\/www.caririemacao.com\/1\/wp-json\/wp\/v2\/posts\/93984","targetHints":{"allow":["GET"]}}],"collection":[{"href":"https:\/\/www.caririemacao.com\/1\/wp-json\/wp\/v2\/posts"}],"about":[{"href":"https:\/\/www.caririemacao.com\/1\/wp-json\/wp\/v2\/types\/post"}],"author":[{"embeddable":true,"href":"https:\/\/www.caririemacao.com\/1\/wp-json\/wp\/v2\/users\/1"}],"replies":[{"embeddable":true,"href":"https:\/\/www.caririemacao.com\/1\/wp-json\/wp\/v2\/comments?post=93984"}],"version-history":[{"count":1,"href":"https:\/\/www.caririemacao.com\/1\/wp-json\/wp\/v2\/posts\/93984\/revisions"}],"predecessor-version":[{"id":93986,"href":"https:\/\/www.caririemacao.com\/1\/wp-json\/wp\/v2\/posts\/93984\/revisions\/93986"}],"wp:featuredmedia":[{"embeddable":true,"href":"https:\/\/www.caririemacao.com\/1\/wp-json\/wp\/v2\/media\/93985"}],"wp:attachment":[{"href":"https:\/\/www.caririemacao.com\/1\/wp-json\/wp\/v2\/media?parent=93984"}],"wp:term":[{"taxonomy":"category","embeddable":true,"href":"https:\/\/www.caririemacao.com\/1\/wp-json\/wp\/v2\/categories?post=93984"},{"taxonomy":"post_tag","embeddable":true,"href":"https:\/\/www.caririemacao.com\/1\/wp-json\/wp\/v2\/tags?post=93984"}],"curies":[{"name":"wp","href":"https:\/\/api.w.org\/{rel}","templated":true}]}}