{"id":93989,"date":"2019-05-06T08:55:57","date_gmt":"2019-05-06T11:55:57","guid":{"rendered":"http:\/\/www.caririemacao.com\/1\/?p=93989"},"modified":"2019-05-06T08:55:57","modified_gmt":"2019-05-06T11:55:57","slug":"bolsonaro-planeja-viagens-ao-nordeste-e-quer-forca-tarefa-de-ministerios-com-acoes-para-os-9-estados","status":"publish","type":"post","link":"https:\/\/www.caririemacao.com\/1\/2019\/05\/06\/bolsonaro-planeja-viagens-ao-nordeste-e-quer-forca-tarefa-de-ministerios-com-acoes-para-os-9-estados\/","title":{"rendered":"Bolsonaro planeja viagens ao Nordeste e quer &#8216;for\u00e7a-tarefa&#8217; de minist\u00e9rios com a\u00e7\u00f5es para os 9 estados"},"content":{"rendered":"\n<p>O presidente Jair Bolsonaro determinou que seus ministros articulem uma &#8216;for\u00e7a-tarefa&#8217; de a\u00e7\u00f5es do Governo Federal em favor da Regi\u00e3o Nordeste, onde ele ainda tem o maior \u00edndice de rejei\u00e7\u00e3o. De acordo com o jornal O Globo, na \u00faltima reuni\u00e3o do conselho de ministros, Bolsonaro encomendou que cada pasta apresentasse realiza\u00e7\u00f5es para os noves estados nordestinos, governados por pol\u00edticos da oposi\u00e7\u00e3o.<\/p>\n\n\n\n<p>Em busca de aproxima\u00e7\u00e3o, o presidente deseja iniciar uma s\u00e9rie de viagens pela regi\u00e3o e, segundo assessores do Pal\u00e1cio, \u201cn\u00e3o quer chegar de m\u00e3os abanando.\u201d<\/p>\n\n\n\n<p>A investida no Nordeste ser\u00e1 liderada pela pasta do Desenvolvimento Regional (MDR), do ministro Gustavo Canuto. No dia 24 deste m\u00eas, no Recife, ele comanda a reuni\u00e3o do Conselho Deliberativo (Condel) da Superintend\u00eancia de Desenvolvimento do Nordeste (Sudene), que votar\u00e1 o Plano Regional de Desenvolvimento do Nordeste (PRDNE).<\/p>\n\n\n\n<p>Bolsonaro \u00e9 esperado no encontro, em que estar\u00e3o os governadores dos nove estados da regi\u00e3o, al\u00e9m de Minas Gerais e Esp\u00edrito Santo. A ida, no entanto, n\u00e3o foi confirmada pelo Planalto.<\/p>\n","protected":false},"excerpt":{"rendered":"<p>O presidente Jair Bolsonaro determinou que seus ministros articulem uma &#8216;for\u00e7a-tarefa&#8217; de a\u00e7\u00f5es do Governo Federal em favor da Regi\u00e3o Nordeste, onde ele ainda tem&hellip; <\/p>\n","protected":false},"author":1,"featured_media":93467,"comment_status":"closed","ping_status":"closed","sticky":false,"template":"","format":"standard","meta":{"sfsi_plus_gutenberg_text_before_share":"","sfsi_plus_gutenberg_show_text_before_share":"","sfsi_plus_gutenberg_icon_type":"","sfsi_plus_gutenberg_icon_alignemt":"","sfsi_plus_gutenburg_max_per_row":"","footnotes":""},"categories":[11],"tags":[],"class_list":["post-93989","post","type-post","status-publish","format-standard","has-post-thumbnail","hentry","category-politica"],"_links":{"self":[{"href":"https:\/\/www.caririemacao.com\/1\/wp-json\/wp\/v2\/posts\/93989","targetHints":{"allow":["GET"]}}],"collection":[{"href":"https:\/\/www.caririemacao.com\/1\/wp-json\/wp\/v2\/posts"}],"about":[{"href":"https:\/\/www.caririemacao.com\/1\/wp-json\/wp\/v2\/types\/post"}],"author":[{"embeddable":true,"href":"https:\/\/www.caririemacao.com\/1\/wp-json\/wp\/v2\/users\/1"}],"replies":[{"embeddable":true,"href":"https:\/\/www.caririemacao.com\/1\/wp-json\/wp\/v2\/comments?post=93989"}],"version-history":[{"count":1,"href":"https:\/\/www.caririemacao.com\/1\/wp-json\/wp\/v2\/posts\/93989\/revisions"}],"predecessor-version":[{"id":93990,"href":"https:\/\/www.caririemacao.com\/1\/wp-json\/wp\/v2\/posts\/93989\/revisions\/93990"}],"wp:featuredmedia":[{"embeddable":true,"href":"https:\/\/www.caririemacao.com\/1\/wp-json\/wp\/v2\/media\/93467"}],"wp:attachment":[{"href":"https:\/\/www.caririemacao.com\/1\/wp-json\/wp\/v2\/media?parent=93989"}],"wp:term":[{"taxonomy":"category","embeddable":true,"href":"https:\/\/www.caririemacao.com\/1\/wp-json\/wp\/v2\/categories?post=93989"},{"taxonomy":"post_tag","embeddable":true,"href":"https:\/\/www.caririemacao.com\/1\/wp-json\/wp\/v2\/tags?post=93989"}],"curies":[{"name":"wp","href":"https:\/\/api.w.org\/{rel}","templated":true}]}}