{"id":93994,"date":"2019-05-06T08:59:21","date_gmt":"2019-05-06T11:59:21","guid":{"rendered":"http:\/\/www.caririemacao.com\/1\/?p=93994"},"modified":"2019-05-06T08:59:21","modified_gmt":"2019-05-06T11:59:21","slug":"famup-ve-queda-do-fpm-e-alerta-prefeitos-sobre-gastos-com-festas","status":"publish","type":"post","link":"https:\/\/www.caririemacao.com\/1\/2019\/05\/06\/famup-ve-queda-do-fpm-e-alerta-prefeitos-sobre-gastos-com-festas\/","title":{"rendered":"Famup v\u00ea queda do FPM e alerta prefeitos sobre gastos com festas"},"content":{"rendered":"\n<p>A Federa\u00e7\u00e3o das Associa\u00e7\u00f5es de Munic\u00edpios da Para\u00edba (Famup) fez um alerta aos prefeitos sobre as despesas com as festas de S\u00e3o Jo\u00e3o que j\u00e1 come\u00e7am a ser comemoradas este m\u00eas em alguns munic\u00edpios. Segundo o presidente George Coelho, \u00e9 importante manter cautela devido ao momento de instabilidade e queda dos repasses referentes ao Fundo de Participa\u00e7\u00e3o dos Munic\u00edpios (FPM).<\/p>\n\n\n\n<p>A recomenda\u00e7\u00e3o \u00e9 que os gestores busquem parcerias com a iniciativa privada para realizar as festas j\u00e1 que se trata de uma tradi\u00e7\u00e3o do povo Nordestino. \u201c\u00c9 preciso ter cautela e observar os valores de bandas e despesas com a realiza\u00e7\u00e3o das festas. A busca por parcerias \u00e9 o mais recomend\u00e1vel j\u00e1 que a previs\u00e3o \u00e9 de queda das receitas do FPM entre os meses de julho a outubro\u201d, destacou.<\/p>\n\n\n\n<p>Segundo o presidente da Famup, \u00e9 preciso planejamento e reestrutura\u00e7\u00e3o dos compromissos financeiros das prefeituras para que seja poss\u00edvel o fechamento das contas.\u201cO mais importante \u00e9 garantir ao final dos meses o fechamento das contas com o pagamento de servidores e fornecedores para que a m\u00e1quina p\u00fablicas continuem funcionando\u201d, disse.<\/p>\n\n\n\n<p>George destacou que entende a necessidade de valoriza\u00e7\u00e3o da cultura e a import\u00e2ncia que as festividades t\u00eam para a economia local, mas os munic\u00edpios vivem um momento em que \u00e9 preciso prud\u00eancia.<\/p>\n\n\n\n<p>\u201cAs festas juninas atraem turistas e movimentam a nossa economia, mas os munic\u00edpios precisam definir as atra\u00e7\u00f5es de acordo com a sua realidade financeira e at\u00e9 investindo em parceria p\u00fablico-privada\u201d, avaliou.<\/p>\n\n\n\n<p>De acordo com levantamento realizado pelo Observat\u00f3rio de Informa\u00e7\u00f5es Municipais, a tend\u00eancia \u00e9 de queda do FPM de junho em rela\u00e7\u00e3o ao que ser\u00e1 pago durante o m\u00eas de maio. A previs\u00e3o para este m\u00eas \u00e9 que as prefeituras paraibanas devem receber R$ 236.510.218 e em junho o valor de R$ 205.661.059, uma redu\u00e7\u00e3o de R$ 30.849.159.<\/p>\n","protected":false},"excerpt":{"rendered":"<p>A Federa\u00e7\u00e3o das Associa\u00e7\u00f5es de Munic\u00edpios da Para\u00edba (Famup) fez um alerta aos prefeitos sobre as despesas com as festas de S\u00e3o Jo\u00e3o que j\u00e1&hellip; <\/p>\n","protected":false},"author":1,"featured_media":93995,"comment_status":"closed","ping_status":"closed","sticky":false,"template":"","format":"standard","meta":{"sfsi_plus_gutenberg_text_before_share":"","sfsi_plus_gutenberg_show_text_before_share":"","sfsi_plus_gutenberg_icon_type":"","sfsi_plus_gutenberg_icon_alignemt":"","sfsi_plus_gutenburg_max_per_row":"","footnotes":""},"categories":[6],"tags":[],"class_list":["post-93994","post","type-post","status-publish","format-standard","has-post-thumbnail","hentry","category-cidades"],"_links":{"self":[{"href":"https:\/\/www.caririemacao.com\/1\/wp-json\/wp\/v2\/posts\/93994","targetHints":{"allow":["GET"]}}],"collection":[{"href":"https:\/\/www.caririemacao.com\/1\/wp-json\/wp\/v2\/posts"}],"about":[{"href":"https:\/\/www.caririemacao.com\/1\/wp-json\/wp\/v2\/types\/post"}],"author":[{"embeddable":true,"href":"https:\/\/www.caririemacao.com\/1\/wp-json\/wp\/v2\/users\/1"}],"replies":[{"embeddable":true,"href":"https:\/\/www.caririemacao.com\/1\/wp-json\/wp\/v2\/comments?post=93994"}],"version-history":[{"count":1,"href":"https:\/\/www.caririemacao.com\/1\/wp-json\/wp\/v2\/posts\/93994\/revisions"}],"predecessor-version":[{"id":93996,"href":"https:\/\/www.caririemacao.com\/1\/wp-json\/wp\/v2\/posts\/93994\/revisions\/93996"}],"wp:featuredmedia":[{"embeddable":true,"href":"https:\/\/www.caririemacao.com\/1\/wp-json\/wp\/v2\/media\/93995"}],"wp:attachment":[{"href":"https:\/\/www.caririemacao.com\/1\/wp-json\/wp\/v2\/media?parent=93994"}],"wp:term":[{"taxonomy":"category","embeddable":true,"href":"https:\/\/www.caririemacao.com\/1\/wp-json\/wp\/v2\/categories?post=93994"},{"taxonomy":"post_tag","embeddable":true,"href":"https:\/\/www.caririemacao.com\/1\/wp-json\/wp\/v2\/tags?post=93994"}],"curies":[{"name":"wp","href":"https:\/\/api.w.org\/{rel}","templated":true}]}}