{"id":94004,"date":"2019-05-06T11:47:47","date_gmt":"2019-05-06T14:47:47","guid":{"rendered":"http:\/\/www.caririemacao.com\/1\/?p=94004"},"modified":"2019-05-06T11:47:47","modified_gmt":"2019-05-06T14:47:47","slug":"comecam-hoje-as-inscricoes-para-o-concurso-da-prefeitura-de-sao-domingos-do-cariri","status":"publish","type":"post","link":"https:\/\/www.caririemacao.com\/1\/2019\/05\/06\/comecam-hoje-as-inscricoes-para-o-concurso-da-prefeitura-de-sao-domingos-do-cariri\/","title":{"rendered":"Come\u00e7am hoje as inscri\u00e7\u00f5es para o concurso da Prefeitura de S\u00e3o Domingos do Cariri"},"content":{"rendered":"\n<p>A Prefeitura de S\u00e3o Domingos do Cariri come\u00e7a a inscrever a partir desta segunda-feira (06) para concurso p\u00fablico com&nbsp;19 vagas de trabalho em todos os n\u00edveis de escolaridade e sal\u00e1rios de R$ 998 a R$ 2.430.H\u00e1 vagas para professor e oportunidades para pessoas com defici\u00eancia.<\/p>\n\n\n\n<p><a href=\"https:\/\/www.clickpb.com.br\/media\/filer_public\/5e\/52\/5e52f90f-99dc-4a08-b614-68406fa26e4e\/edital_normativo_001_pmsdc_sao_domingos_do_cariri.pdf\">Veja edital do concurso de S\u00e3o Domingos do Cariri<\/a><br><\/p>\n\n\n\n<p>O prazo de inscri\u00e7\u00f5es vai at\u00e9 30 de maio e os interessados devem acessar o&nbsp;<a href=\"https:\/\/cpcon.uepb.edu.br\/\">site da CPCON<\/a>, banca organizadora do certame.<\/p>\n\n\n\n<p>Os candidatos dever\u00e3o pagar taxa de inscri\u00e7\u00e3o que varia entre R$ 65 (n\u00edvel fundamental), R$ 85 (n\u00edvel m\u00e9dio) e R$ 105 (n\u00edvel superior).<\/p>\n\n\n\n<p>As provas devem ser aplicadas no dia 14 de julho.<\/p>\n","protected":false},"excerpt":{"rendered":"<p>A Prefeitura de S\u00e3o Domingos do Cariri come\u00e7a a inscrever a partir desta segunda-feira (06) para concurso p\u00fablico com&nbsp;19 vagas de trabalho em todos os&hellip; <\/p>\n","protected":false},"author":1,"featured_media":13207,"comment_status":"closed","ping_status":"closed","sticky":false,"template":"","format":"standard","meta":{"sfsi_plus_gutenberg_text_before_share":"","sfsi_plus_gutenberg_show_text_before_share":"","sfsi_plus_gutenberg_icon_type":"","sfsi_plus_gutenberg_icon_alignemt":"","sfsi_plus_gutenburg_max_per_row":"","footnotes":""},"categories":[50,2],"tags":[],"class_list":["post-94004","post","type-post","status-publish","format-standard","has-post-thumbnail","hentry","category-destaque","category-geral"],"_links":{"self":[{"href":"https:\/\/www.caririemacao.com\/1\/wp-json\/wp\/v2\/posts\/94004","targetHints":{"allow":["GET"]}}],"collection":[{"href":"https:\/\/www.caririemacao.com\/1\/wp-json\/wp\/v2\/posts"}],"about":[{"href":"https:\/\/www.caririemacao.com\/1\/wp-json\/wp\/v2\/types\/post"}],"author":[{"embeddable":true,"href":"https:\/\/www.caririemacao.com\/1\/wp-json\/wp\/v2\/users\/1"}],"replies":[{"embeddable":true,"href":"https:\/\/www.caririemacao.com\/1\/wp-json\/wp\/v2\/comments?post=94004"}],"version-history":[{"count":1,"href":"https:\/\/www.caririemacao.com\/1\/wp-json\/wp\/v2\/posts\/94004\/revisions"}],"predecessor-version":[{"id":94006,"href":"https:\/\/www.caririemacao.com\/1\/wp-json\/wp\/v2\/posts\/94004\/revisions\/94006"}],"wp:featuredmedia":[{"embeddable":true,"href":"https:\/\/www.caririemacao.com\/1\/wp-json\/wp\/v2\/media\/13207"}],"wp:attachment":[{"href":"https:\/\/www.caririemacao.com\/1\/wp-json\/wp\/v2\/media?parent=94004"}],"wp:term":[{"taxonomy":"category","embeddable":true,"href":"https:\/\/www.caririemacao.com\/1\/wp-json\/wp\/v2\/categories?post=94004"},{"taxonomy":"post_tag","embeddable":true,"href":"https:\/\/www.caririemacao.com\/1\/wp-json\/wp\/v2\/tags?post=94004"}],"curies":[{"name":"wp","href":"https:\/\/api.w.org\/{rel}","templated":true}]}}