{"id":94009,"date":"2019-05-06T11:49:26","date_gmt":"2019-05-06T14:49:26","guid":{"rendered":"http:\/\/www.caririemacao.com\/1\/?p=94009"},"modified":"2019-05-06T11:49:26","modified_gmt":"2019-05-06T14:49:26","slug":"ibge-recebe-autorizacao-para-abrir-edital-com-234-416-vagas-para-censo-2020","status":"publish","type":"post","link":"https:\/\/www.caririemacao.com\/1\/2019\/05\/06\/ibge-recebe-autorizacao-para-abrir-edital-com-234-416-vagas-para-censo-2020\/","title":{"rendered":"IBGE recebe autoriza\u00e7\u00e3o para abrir edital com 234.416 vagas para Censo 2020"},"content":{"rendered":"\n<p>O Secret\u00e1rio Especial de Desburocratiza\u00e7\u00e3o, Gest\u00e3o e Governo Digital, Paulo Ant\u00f4nio Spencer Uebel, resolveu autorizar a Funda\u00e7\u00e3o Instituto Brasileiro de Geografia e Estat\u00edstica (IBGE), entidade vinculada ao Minist\u00e9rio da Economia, a contratar o quantitativo m\u00e1ximo de 234.416 profissionais, por tempo determinado, para atuar no Censo Demogr\u00e1fico 2020. De acordo com portaria, publicada no Di\u00e1rio Oficial da Uni\u00e3o desta segunda-feira (6\/5), os funcion\u00e1rios ser\u00e3o selecionados por processo seletivo simplificado e poder\u00e3o ser contratados a partir de janeiro de 2020 para atuar no Censo Demogr\u00e1fico do mesmo ano.<\/p>\n\n\n\n<p>De acordo com a autoriza\u00e7\u00e3o, as contrata\u00e7\u00f5es somente ser\u00e3o formalizadas mediante disponibilidade de dota\u00e7\u00f5es or\u00e7ament\u00e1rias espec\u00edficas, observando-se os demais requisitos previstos na Lei n\u00ba 8.745, de 1993.&nbsp;<\/p>\n\n\n\n<p>O IBGE definir\u00e1 a remunera\u00e7\u00e3o dos profissionais a serem contratados. O prazo de dura\u00e7\u00e3o dos contratos dever\u00e1 ser de at\u00e9 um ano, prorrog\u00e1vel conforme o previsto no inciso II do par\u00e1grafo \u00fanico do art. 4\u00ba da Lei n\u00ba 8.745, de 1993, desde que a prorroga\u00e7\u00e3o seja devidamente justificada com base nas necessidades de conclus\u00e3o das atividades de que trata a portaria.&nbsp;<\/p>\n\n\n\n<p>O prazo para publica\u00e7\u00e3o do edital de abertura de inscri\u00e7\u00f5es para o processo seletivo simplificado ser\u00e1 de at\u00e9 seis meses, ou seja, at\u00e9 novembro de 2019.&nbsp;<\/p>\n\n\n\n<p>A portaria ainda afirma que as despesas com as contrata\u00e7\u00f5es correr\u00e3o \u00e0 conta de dota\u00e7\u00f5es or\u00e7ament\u00e1rias do IBGE, consignadas no Grupo de Natureza de Despesa &#8211; GND &#8220;3 &#8211; outras despesas correntes&#8221;, ficando a autoriza\u00e7\u00e3o condicionada \u00e0 declara\u00e7\u00e3o do ordenador de despesas respons\u00e1vel quanto \u00e0 adequa\u00e7\u00e3o or\u00e7ament\u00e1ria e financeira da nova despesa com a Lei Or\u00e7ament\u00e1ria Anual e sua compatibilidade com o Plano Plurianual e com a Lei de Diretrizes Or\u00e7ament\u00e1rias.&nbsp;<\/p>\n\n\n\n<figure class=\"wp-block-image\"><img decoding=\"async\" data-src=\"https:\/\/www.clickpb.com.br\/media\/filer_public\/78\/7b\/787b9d56-06bf-4896-ad3f-6443ac92312c\/vagas_ibge.png\" alt=\"\" src=\"data:image\/svg+xml;base64,PHN2ZyB3aWR0aD0iMSIgaGVpZ2h0PSIxIiB4bWxucz0iaHR0cDovL3d3dy53My5vcmcvMjAwMC9zdmciPjwvc3ZnPg==\" class=\"lazyload\" \/><\/figure>\n\n\n\n<p><br>&nbsp;<br><strong>Mais vagas no IBGE&nbsp;<\/strong><\/p>\n\n\n\n<p>Na semana passada, o Minist\u00e9rio da Economia publicou no Di\u00e1rio Oficial da Uni\u00e3o, outra autoriza\u00e7\u00e3o para que o IBGE abra nova sele\u00e7\u00e3o p\u00fablica simplificada. Ser\u00e3o oferecidas 400 novas oportunidades tempor\u00e1rias&nbsp; para o posto de analistas censit\u00e1rios. Segundo a portaria, os novos funcion\u00e1rios poder\u00e3o ser contratados a partir de setembro deste ano, para atuarem nas etapas de planejamento, acompanhamento e suporte especializado, relativas ao Censo Demogr\u00e1fico 2020.<br>&nbsp;<br>Em mar\u00e7o outra sele\u00e7\u00e3o para o instituto foi anunciada, desta vez com 209 vagas. Esse edital est\u00e1 mais encaminhado e j\u00e1 tem banca organizadora escolhida. O Instituto Brasileiro de Apoio e Desenvolvimento Executivo (Ibade) ser\u00e1 o respons\u00e1vel pela sele\u00e7\u00e3o de novos 209 funcion\u00e1rios tempor\u00e1rios do \u00f3rg\u00e3o. Os candidatos aprovados ser\u00e3o contratados para atuar no Censo Experimental de 2019.<\/p>\n","protected":false},"excerpt":{"rendered":"<p>O Secret\u00e1rio Especial de Desburocratiza\u00e7\u00e3o, Gest\u00e3o e Governo Digital, Paulo Ant\u00f4nio Spencer Uebel, resolveu autorizar a Funda\u00e7\u00e3o Instituto Brasileiro de Geografia e Estat\u00edstica (IBGE), entidade&hellip; <\/p>\n","protected":false},"author":1,"featured_media":93462,"comment_status":"closed","ping_status":"closed","sticky":false,"template":"","format":"standard","meta":{"sfsi_plus_gutenberg_text_before_share":"","sfsi_plus_gutenberg_show_text_before_share":"","sfsi_plus_gutenberg_icon_type":"","sfsi_plus_gutenberg_icon_alignemt":"","sfsi_plus_gutenburg_max_per_row":"","footnotes":""},"categories":[2],"tags":[],"class_list":["post-94009","post","type-post","status-publish","format-standard","has-post-thumbnail","hentry","category-geral"],"_links":{"self":[{"href":"https:\/\/www.caririemacao.com\/1\/wp-json\/wp\/v2\/posts\/94009","targetHints":{"allow":["GET"]}}],"collection":[{"href":"https:\/\/www.caririemacao.com\/1\/wp-json\/wp\/v2\/posts"}],"about":[{"href":"https:\/\/www.caririemacao.com\/1\/wp-json\/wp\/v2\/types\/post"}],"author":[{"embeddable":true,"href":"https:\/\/www.caririemacao.com\/1\/wp-json\/wp\/v2\/users\/1"}],"replies":[{"embeddable":true,"href":"https:\/\/www.caririemacao.com\/1\/wp-json\/wp\/v2\/comments?post=94009"}],"version-history":[{"count":1,"href":"https:\/\/www.caririemacao.com\/1\/wp-json\/wp\/v2\/posts\/94009\/revisions"}],"predecessor-version":[{"id":94010,"href":"https:\/\/www.caririemacao.com\/1\/wp-json\/wp\/v2\/posts\/94009\/revisions\/94010"}],"wp:featuredmedia":[{"embeddable":true,"href":"https:\/\/www.caririemacao.com\/1\/wp-json\/wp\/v2\/media\/93462"}],"wp:attachment":[{"href":"https:\/\/www.caririemacao.com\/1\/wp-json\/wp\/v2\/media?parent=94009"}],"wp:term":[{"taxonomy":"category","embeddable":true,"href":"https:\/\/www.caririemacao.com\/1\/wp-json\/wp\/v2\/categories?post=94009"},{"taxonomy":"post_tag","embeddable":true,"href":"https:\/\/www.caririemacao.com\/1\/wp-json\/wp\/v2\/tags?post=94009"}],"curies":[{"name":"wp","href":"https:\/\/api.w.org\/{rel}","templated":true}]}}