{"id":94013,"date":"2019-05-06T11:52:04","date_gmt":"2019-05-06T14:52:04","guid":{"rendered":"http:\/\/www.caririemacao.com\/1\/?p=94013"},"modified":"2019-05-06T11:52:04","modified_gmt":"2019-05-06T14:52:04","slug":"termina-hoje-prazo-para-regularizar-titulo-de-eleitor","status":"publish","type":"post","link":"https:\/\/www.caririemacao.com\/1\/2019\/05\/06\/termina-hoje-prazo-para-regularizar-titulo-de-eleitor\/","title":{"rendered":"Termina hoje prazo para regularizar t\u00edtulo de eleitor"},"content":{"rendered":"\n<p>Termina nesta segunda-feira (6) o prazo para os eleitores faltosos nas \u00faltimas tr\u00eas vota\u00e7\u00f5es evitarem o cancelamento do t\u00edtulo.Para isso, \u00e9 preciso pagar as multas referentes \u00e0s aus\u00eancias, bem como comparecer a um cart\u00f3rio eleitoral para apresentar, al\u00e9m do t\u00edtulo, um documento com foto e um comprovante de resid\u00eancia.<\/p>\n\n\n\n<p>O processo pode ser iniciado pela internet, no<a href=\"http:\/\/www.tse.jus.br\/eleitor\/servicos\/titulo-de-eleitor\/quitacao-de-multas\">site do Tribunal Superior Eleitoral<\/a>&nbsp;(TSE).<\/p>\n\n\n\n<p>Para somar as tr\u00eas faltas, s\u00e3o contados tamb\u00e9m os turnos de vota\u00e7\u00e3o. S\u00e3o consideradas ainda as elei\u00e7\u00f5es suplementares, convocadas quando o pleito oficial \u00e9 anulado devido a irregularidades.<\/p>\n\n\n\n<p>Caso esteja em d\u00favida sobre sua situa\u00e7\u00e3o, o eleitor tamb\u00e9m pode consultar o site do TSE.<\/p>\n\n\n\n<p>Segundo informa\u00e7\u00f5es do TSE, mais de 2,6 milh\u00f5es de pessoas podem ter o t\u00edtulo cancelado caso n\u00e3o resolvam a pend\u00eancia. Desse total, apenas 93.702 regularizaram a situa\u00e7\u00e3o desde o in\u00edcio do prazo, no in\u00edcio de mar\u00e7o.<\/p>\n\n\n\n<p>O cancelamento do t\u00edtulo pode acarretar uma s\u00e9rie de problemas. A pessoa fica, por exemplo, impedida de obter passaporte e carteira de identidade, de receber sal\u00e1rio de fun\u00e7\u00e3o ou emprego p\u00fablico e de participar de concorr\u00eancia p\u00fablica ou administrativa estatal.<\/p>\n\n\n\n<p>O faltoso fica ainda impossibilitado de obter empr\u00e9stimos em institui\u00e7\u00f5es p\u00fablicas, de se matricular em institui\u00e7\u00f5es de ensino e de ser nomeado em concurso p\u00fablico.<br>N\u00e3o ter\u00e3o os t\u00edtulos cancelados aqueles que n\u00e3o s\u00e3o obrigados a votar, sendo seu comparecimento \u00e0s urnas facultativo, como as pessoas entre 16 e 18 anos e acima de 70 anos. Tamb\u00e9m n\u00e3o est\u00e3o sujeitos \u00e0 medida os portadores de defici\u00eancia a quem seja imposs\u00edvel ou extremamente oneroso o cumprimento das obriga\u00e7\u00f5es eleitorais.<br>Os n\u00fameros dos t\u00edtulos cancelados come\u00e7ar\u00e3o a ser divulgados em 24 de maio.<\/p>\n","protected":false},"excerpt":{"rendered":"<p>Termina nesta segunda-feira (6) o prazo para os eleitores faltosos nas \u00faltimas tr\u00eas vota\u00e7\u00f5es evitarem o cancelamento do t\u00edtulo.Para isso, \u00e9 preciso pagar as multas&hellip; <\/p>\n","protected":false},"author":1,"featured_media":90738,"comment_status":"closed","ping_status":"closed","sticky":false,"template":"","format":"standard","meta":{"sfsi_plus_gutenberg_text_before_share":"","sfsi_plus_gutenberg_show_text_before_share":"","sfsi_plus_gutenberg_icon_type":"","sfsi_plus_gutenberg_icon_alignemt":"","sfsi_plus_gutenburg_max_per_row":"","footnotes":""},"categories":[11],"tags":[],"class_list":["post-94013","post","type-post","status-publish","format-standard","has-post-thumbnail","hentry","category-politica"],"_links":{"self":[{"href":"https:\/\/www.caririemacao.com\/1\/wp-json\/wp\/v2\/posts\/94013","targetHints":{"allow":["GET"]}}],"collection":[{"href":"https:\/\/www.caririemacao.com\/1\/wp-json\/wp\/v2\/posts"}],"about":[{"href":"https:\/\/www.caririemacao.com\/1\/wp-json\/wp\/v2\/types\/post"}],"author":[{"embeddable":true,"href":"https:\/\/www.caririemacao.com\/1\/wp-json\/wp\/v2\/users\/1"}],"replies":[{"embeddable":true,"href":"https:\/\/www.caririemacao.com\/1\/wp-json\/wp\/v2\/comments?post=94013"}],"version-history":[{"count":1,"href":"https:\/\/www.caririemacao.com\/1\/wp-json\/wp\/v2\/posts\/94013\/revisions"}],"predecessor-version":[{"id":94014,"href":"https:\/\/www.caririemacao.com\/1\/wp-json\/wp\/v2\/posts\/94013\/revisions\/94014"}],"wp:featuredmedia":[{"embeddable":true,"href":"https:\/\/www.caririemacao.com\/1\/wp-json\/wp\/v2\/media\/90738"}],"wp:attachment":[{"href":"https:\/\/www.caririemacao.com\/1\/wp-json\/wp\/v2\/media?parent=94013"}],"wp:term":[{"taxonomy":"category","embeddable":true,"href":"https:\/\/www.caririemacao.com\/1\/wp-json\/wp\/v2\/categories?post=94013"},{"taxonomy":"post_tag","embeddable":true,"href":"https:\/\/www.caririemacao.com\/1\/wp-json\/wp\/v2\/tags?post=94013"}],"curies":[{"name":"wp","href":"https:\/\/api.w.org\/{rel}","templated":true}]}}