{"id":94017,"date":"2019-05-06T11:53:55","date_gmt":"2019-05-06T14:53:55","guid":{"rendered":"http:\/\/www.caririemacao.com\/1\/?p=94017"},"modified":"2019-05-06T11:53:55","modified_gmt":"2019-05-06T14:53:55","slug":"com-silvio-bolsonaro-fala-de-previdencia-faz-piada-e-e-contestado-sobre-armas","status":"publish","type":"post","link":"https:\/\/www.caririemacao.com\/1\/2019\/05\/06\/com-silvio-bolsonaro-fala-de-previdencia-faz-piada-e-e-contestado-sobre-armas\/","title":{"rendered":"Com Silvio, Bolsonaro fala de Previd\u00eancia, faz piada e \u00e9 contestado sobre armas"},"content":{"rendered":"\n<p>Na tentativa de popularizar a reforma da Previd\u00eancia, o presidente Jair Bolsonaro participou do Programa Silvio Santos, gravado na quinta-feira (2) e veiculado neste domingo (5).<\/p>\n\n\n\n<p>Mais do que o pr\u00f3prio presidente, o apresentador insistiu no tema da reforma, afirmando didaticamente que se ela n\u00e3o for aprovada pelo Congresso, haver\u00e1 infla\u00e7\u00e3o. \u201cN\u00e3o tem sa\u00edda, se n\u00e3o tiver previd\u00eancia, vai ter infla\u00e7\u00e3o\u201d, disse Silvio, ao lado de Bolsonaro.<\/p>\n\n\n\n<p>\u201cEssa reforma \u00e9 para ajudar os pobres, \u00e9 exatamente o contr\u00e1rio do que os pol\u00edticos de esquerda v\u00eam dizendo\u201d, afirmou o presidente, apoiado pelo apresentador.<\/p>\n\n\n\n<p>Apesar de defender o governo, uma das propostas de Bolsonaro foi criticada por Silvio: a flexibiliza\u00e7\u00e3o do porte de arma. \u201cEsse neg\u00f3cio de arma de fogo n\u00e3o pode aprovar. Vai virar um faroeste!\u201d, disse.<\/p>\n\n\n\n<p>O bate-papo, no entanto, tamb\u00e9m girou tamb\u00e9m em torno das rela\u00e7\u00f5es familiares e de outras informa\u00e7\u00f5es pessoais sobre o presidente. Rendeu at\u00e9 piadas sobre sexo.<\/p>\n\n\n\n<p>Ao ouvir que Bolsonaro, 64, tem uma filha de oito anos, Silvio disse que, quando ele sai com a crian\u00e7a, as pessoas o confundem com o av\u00f4. Bolsonaro respondeu positivamente, mas acrescentou que est\u00e1 \u201cna ativa, sem aditivos\u201d \u2013refer\u00eancia a medicamentos contra impot\u00eancia sexual.<\/p>\n\n\n\n<p>\u201cAh, mudou de nome. Agora \u00e9 aditivo?\u201d, perguntou Silvio.<\/p>\n\n\n\n<p>O apresentador e o presidente trocaram afagos e fizeram brincadeiras. Como costuma fazer com todos os presidentes, Silvio se aproximou do governo Bolsonaro desde o in\u00edcio do mandato.<\/p>\n\n\n\n<p>O dono do SBT disse que Bolsonaro \u201cdeu sorte\u201d ao ter sido eleito. \u201cSua rejei\u00e7\u00e3o foi uma surpresa, porque ningu\u00e9m conhecia voc\u00ea.\u201d<\/p>\n\n\n\n<p>Entre as perguntas feitas por Silvio, estavam o signo, a idade de Bolsonaro, quantos filhos o presidente tem, quantas vezes foi casado e a idade da primeira dama, Michelle Bolsonaro.<\/p>\n\n\n\n<p>O presidente defendeu no programa outras propostas, como dobrar o limite da CNH para 40 pontos.<\/p>\n\n\n\n<p>Ainda fez afagos ao Congresso. Citou o presidente da C\u00e2mara, Rodrigo Maia (DEM-RJ), e disse que muitas medidas provis\u00f3rias atrapalham o andamento dos trabalhos do Legislativo. Citou tamb\u00e9m o presidente do Senado, Davi Alcolumbre (DEM-AP), que se referiu como amigo.<\/p>\n\n\n\n<p>Na quinta, dia em que gravou a participa\u00e7\u00e3o no programa, tamb\u00e9m concedeu entrevista ao SBT Brasil. Na ocasi\u00e3o, mostrou as cicatrizes das cirurgias que fez ap\u00f3s sofrer um ataque a facada, ano passado.<\/p>\n","protected":false},"excerpt":{"rendered":"<p>Na tentativa de popularizar a reforma da Previd\u00eancia, o presidente Jair Bolsonaro participou do Programa Silvio Santos, gravado na quinta-feira (2) e veiculado neste domingo&hellip; <\/p>\n","protected":false},"author":1,"featured_media":94018,"comment_status":"closed","ping_status":"closed","sticky":false,"template":"","format":"standard","meta":{"sfsi_plus_gutenberg_text_before_share":"","sfsi_plus_gutenberg_show_text_before_share":"","sfsi_plus_gutenberg_icon_type":"","sfsi_plus_gutenberg_icon_alignemt":"","sfsi_plus_gutenburg_max_per_row":"","footnotes":""},"categories":[11],"tags":[],"class_list":["post-94017","post","type-post","status-publish","format-standard","has-post-thumbnail","hentry","category-politica"],"_links":{"self":[{"href":"https:\/\/www.caririemacao.com\/1\/wp-json\/wp\/v2\/posts\/94017","targetHints":{"allow":["GET"]}}],"collection":[{"href":"https:\/\/www.caririemacao.com\/1\/wp-json\/wp\/v2\/posts"}],"about":[{"href":"https:\/\/www.caririemacao.com\/1\/wp-json\/wp\/v2\/types\/post"}],"author":[{"embeddable":true,"href":"https:\/\/www.caririemacao.com\/1\/wp-json\/wp\/v2\/users\/1"}],"replies":[{"embeddable":true,"href":"https:\/\/www.caririemacao.com\/1\/wp-json\/wp\/v2\/comments?post=94017"}],"version-history":[{"count":1,"href":"https:\/\/www.caririemacao.com\/1\/wp-json\/wp\/v2\/posts\/94017\/revisions"}],"predecessor-version":[{"id":94019,"href":"https:\/\/www.caririemacao.com\/1\/wp-json\/wp\/v2\/posts\/94017\/revisions\/94019"}],"wp:featuredmedia":[{"embeddable":true,"href":"https:\/\/www.caririemacao.com\/1\/wp-json\/wp\/v2\/media\/94018"}],"wp:attachment":[{"href":"https:\/\/www.caririemacao.com\/1\/wp-json\/wp\/v2\/media?parent=94017"}],"wp:term":[{"taxonomy":"category","embeddable":true,"href":"https:\/\/www.caririemacao.com\/1\/wp-json\/wp\/v2\/categories?post=94017"},{"taxonomy":"post_tag","embeddable":true,"href":"https:\/\/www.caririemacao.com\/1\/wp-json\/wp\/v2\/tags?post=94017"}],"curies":[{"name":"wp","href":"https:\/\/api.w.org\/{rel}","templated":true}]}}