{"id":94024,"date":"2019-05-06T12:01:26","date_gmt":"2019-05-06T15:01:26","guid":{"rendered":"http:\/\/www.caririemacao.com\/1\/?p=94024"},"modified":"2019-05-06T12:01:26","modified_gmt":"2019-05-06T15:01:26","slug":"tira-mao-do-meu-if-alunos-do-ifpb-monteiro-protestam-contra-corte-de-verbas","status":"publish","type":"post","link":"https:\/\/www.caririemacao.com\/1\/2019\/05\/06\/tira-mao-do-meu-if-alunos-do-ifpb-monteiro-protestam-contra-corte-de-verbas\/","title":{"rendered":"\u201cTira m\u00e3o do meu IF\u201d Alunos do IFPB Monteiro protestam contra corte de verbas"},"content":{"rendered":"\n<p>Alunos do Instituto Federal da Para\u00edba campus Monteiro realizaram na manh\u00e3 desta segunda-feira (06) uma manifesta\u00e7\u00e3o contra o corte de verbas das institui\u00e7\u00f5es federais anunciadas pelo governo Jair Bolsonaro.&nbsp;Alunos vestindo camisetas prestas, a manifesta\u00e7\u00e3o saiu do campus Monteiro e tomou as ruas da cidade de Monteiro, alunos com cartazes na m\u00e3o e gritando as seguintes palavras de ordem: \u201cTira m\u00e3o do meu IF\u201d e \u201cAlunos na Rua, presidente a culpa \u00e9 sua\u201d ganhou propor\u00e7\u00e3o no centro da cidade. De acordo com os alunos o ato de hoje foi promovido de forma independente e que no dia 15 de Maio o movimento vai tomar todo o nordeste envolvendo os campus e devera contar com o apoio dos professores e coordena\u00e7\u00e3o.<\/p>\n\n\n\n<figure><iframe data-src=\"https:\/\/www.facebook.com\/plugins\/video.php?href=https%3A%2F%2Fwww.facebook.com%2Fportaltvcariri%2Fvideos%2F2310735745653997%2F&amp;show_text=0&amp;width=560\" width=\"560\" height=\"308\" allowfullscreen=\"allowfullscreen\" src=\"data:image\/svg+xml;base64,PHN2ZyB3aWR0aD0iMSIgaGVpZ2h0PSIxIiB4bWxucz0iaHR0cDovL3d3dy53My5vcmcvMjAwMC9zdmciPjwvc3ZnPg==\" class=\"lazyload\" data-load-mode=\"1\"><\/iframe><\/figure>\n\n\n\n<p>&nbsp;O corte sendo efetivado, no pr\u00f3ximo m\u00eas de Julho varias institui\u00e7\u00f5es n\u00e3o v\u00e3o reabrir as portas deixando milhares de alunos sem acesso a educa\u00e7\u00e3o.O&nbsp;<a href=\"https:\/\/g1.globo.com\/educacao\/noticia\/2019\/04\/30\/mec-diz-que-bloqueio-de-30percent-na-verba-vale-para-todas-as-universidades-e-institutos-federais.ghtml\">bloqueio de 30% na verba das institui\u00e7\u00f5es federais de ensino, anunciado pelo Minist\u00e9rio da Educa\u00e7\u00e3o (MEC)<\/a>&nbsp;na \u00faltima ter\u00e7a-feira (30), deve resultar em uma redu\u00e7\u00e3o total de cerca de R$ 91 milh\u00f5es nos or\u00e7amentos inicialmente previstos pela Universidade Federal da Para\u00edba (UFPB \u2013 R$ 44 milh\u00f5es), pelo Instituto Federal da Para\u00edba (IFPB \u2013 R$ 20 milh\u00f5es) e pela Universidade Federal de Campina Grande (UFCG \u2013 R$ 27 milh\u00f5es), conforme os valores informados pelas administra\u00e7\u00f5es ao&nbsp;<strong>G1<\/strong>, nesta sexta-feira (3).<\/p>\n","protected":false},"excerpt":{"rendered":"<p>Alunos do Instituto Federal da Para\u00edba campus Monteiro realizaram na manh\u00e3 desta segunda-feira (06) uma manifesta\u00e7\u00e3o contra o corte de verbas das institui\u00e7\u00f5es federais anunciadas&hellip; <\/p>\n","protected":false},"author":1,"featured_media":94025,"comment_status":"closed","ping_status":"closed","sticky":false,"template":"","format":"standard","meta":{"sfsi_plus_gutenberg_text_before_share":"","sfsi_plus_gutenberg_show_text_before_share":"","sfsi_plus_gutenberg_icon_type":"","sfsi_plus_gutenberg_icon_alignemt":"","sfsi_plus_gutenburg_max_per_row":"","footnotes":""},"categories":[14],"tags":[],"class_list":["post-94024","post","type-post","status-publish","format-standard","has-post-thumbnail","hentry","category-educacao"],"_links":{"self":[{"href":"https:\/\/www.caririemacao.com\/1\/wp-json\/wp\/v2\/posts\/94024","targetHints":{"allow":["GET"]}}],"collection":[{"href":"https:\/\/www.caririemacao.com\/1\/wp-json\/wp\/v2\/posts"}],"about":[{"href":"https:\/\/www.caririemacao.com\/1\/wp-json\/wp\/v2\/types\/post"}],"author":[{"embeddable":true,"href":"https:\/\/www.caririemacao.com\/1\/wp-json\/wp\/v2\/users\/1"}],"replies":[{"embeddable":true,"href":"https:\/\/www.caririemacao.com\/1\/wp-json\/wp\/v2\/comments?post=94024"}],"version-history":[{"count":1,"href":"https:\/\/www.caririemacao.com\/1\/wp-json\/wp\/v2\/posts\/94024\/revisions"}],"predecessor-version":[{"id":94026,"href":"https:\/\/www.caririemacao.com\/1\/wp-json\/wp\/v2\/posts\/94024\/revisions\/94026"}],"wp:featuredmedia":[{"embeddable":true,"href":"https:\/\/www.caririemacao.com\/1\/wp-json\/wp\/v2\/media\/94025"}],"wp:attachment":[{"href":"https:\/\/www.caririemacao.com\/1\/wp-json\/wp\/v2\/media?parent=94024"}],"wp:term":[{"taxonomy":"category","embeddable":true,"href":"https:\/\/www.caririemacao.com\/1\/wp-json\/wp\/v2\/categories?post=94024"},{"taxonomy":"post_tag","embeddable":true,"href":"https:\/\/www.caririemacao.com\/1\/wp-json\/wp\/v2\/tags?post=94024"}],"curies":[{"name":"wp","href":"https:\/\/api.w.org\/{rel}","templated":true}]}}