{"id":94030,"date":"2019-05-06T13:26:00","date_gmt":"2019-05-06T16:26:00","guid":{"rendered":"http:\/\/www.caririemacao.com\/1\/?p=94030"},"modified":"2019-05-06T13:26:30","modified_gmt":"2019-05-06T16:26:30","slug":"prefeita-anna-lorena-anuncia-pedido-de-desfiliacao-do-psdb-e-deve-anunciar-filiacao-ao-psb","status":"publish","type":"post","link":"https:\/\/www.caririemacao.com\/1\/2019\/05\/06\/prefeita-anna-lorena-anuncia-pedido-de-desfiliacao-do-psdb-e-deve-anunciar-filiacao-ao-psb\/","title":{"rendered":"Prefeita Anna Lorena anuncia pedido de desfilia\u00e7\u00e3o do PSDB e deve anunciar filia\u00e7\u00e3o ao PSB"},"content":{"rendered":"A prefeita Anna Lorena anunciou neste final de semana a sua desfilia\u00e7\u00e3o do\nPSDB, o que dever\u00e1 ser comunicado a Justi\u00e7a Eleitoral ainda esta semana.\n\n<!-- \/wp:post-content --><!-- wp:paragraph -->\n\nDesde que o grupo Henrique rompeu com atual prefeita, o espa\u00e7o dentro do\nPSDB ficou sobre o comando do deputado Jo\u00e3o Henrique, inviabilizando a\nperman\u00eancia da prefeita no ninho tucano.\n\n<!-- \/wp:paragraph --><!-- wp:paragraph -->\n\nA prefeita disse que durante os pr\u00f3ximos dias vai conversar com seus aliados\npol\u00edticos para definir um novo partido pol\u00edtico, que dever\u00e1 ser o PSB ou at\u00e9\nmesmo o PR.\n\n<!-- \/wp:paragraph --><!-- wp:paragraph -->\n\nAnna Lorena confirmou que recebeu convite do governador Jo\u00e3o Azevedo para\ncomandar o PSB de Monteiro, sendo inclusive referendado pelo atual presidente\nda legenda no munic\u00edpio, o empres\u00e1rio e ex-vereador Juraci Conrado.\n\n<!-- \/wp:paragraph --><!-- wp:paragraph -->\n\n\u201cA minha decis\u00e3o com rela\u00e7\u00e3o ao PSDB j\u00e1 est\u00e1 tomada, quanto ao meu futuro\npol\u00edtico partid\u00e1rio decidirei nos pr\u00f3ximos dias, porque minhas decis\u00f5es s\u00e3o\ntomadas de forma conjunta com meus aliados\u201d, disse a prefeita Anna Lorena.\n\n<!-- \/wp:paragraph --><!-- wp:paragraph -->\n\nA prefeita Anna Lorena vem conversando com vereadores e lideran\u00e7as pol\u00edticas\nque j\u00e1 fazem parte de seu grupo pol\u00edtico, e tem intensificando conversas com\nlideran\u00e7as pol\u00edticas que foram opositores nas elei\u00e7\u00f5es de 2016, mas, diante do\nnovo quadro pol\u00edtico de Monteiro j\u00e1 admitem fazer parte do mesmo projeto\nadministrativo liderado pela prefeita de Monteiro.<!-- \/wp:paragraph --><!--EndFragment-->","protected":false},"excerpt":{"rendered":"<p>A prefeita Anna Lorena anunciou neste final de semana a sua desfilia\u00e7\u00e3o do PSDB, o que dever\u00e1 ser comunicado a Justi\u00e7a Eleitoral ainda esta semana.&hellip; <\/p>\n","protected":false},"author":2,"featured_media":94032,"comment_status":"closed","ping_status":"closed","sticky":false,"template":"","format":"standard","meta":{"sfsi_plus_gutenberg_text_before_share":"","sfsi_plus_gutenberg_show_text_before_share":"","sfsi_plus_gutenberg_icon_type":"","sfsi_plus_gutenberg_icon_alignemt":"","sfsi_plus_gutenburg_max_per_row":"","footnotes":""},"categories":[50,11],"tags":[],"class_list":["post-94030","post","type-post","status-publish","format-standard","has-post-thumbnail","hentry","category-destaque","category-politica"],"_links":{"self":[{"href":"https:\/\/www.caririemacao.com\/1\/wp-json\/wp\/v2\/posts\/94030","targetHints":{"allow":["GET"]}}],"collection":[{"href":"https:\/\/www.caririemacao.com\/1\/wp-json\/wp\/v2\/posts"}],"about":[{"href":"https:\/\/www.caririemacao.com\/1\/wp-json\/wp\/v2\/types\/post"}],"author":[{"embeddable":true,"href":"https:\/\/www.caririemacao.com\/1\/wp-json\/wp\/v2\/users\/2"}],"replies":[{"embeddable":true,"href":"https:\/\/www.caririemacao.com\/1\/wp-json\/wp\/v2\/comments?post=94030"}],"version-history":[{"count":1,"href":"https:\/\/www.caririemacao.com\/1\/wp-json\/wp\/v2\/posts\/94030\/revisions"}],"predecessor-version":[{"id":94033,"href":"https:\/\/www.caririemacao.com\/1\/wp-json\/wp\/v2\/posts\/94030\/revisions\/94033"}],"wp:featuredmedia":[{"embeddable":true,"href":"https:\/\/www.caririemacao.com\/1\/wp-json\/wp\/v2\/media\/94032"}],"wp:attachment":[{"href":"https:\/\/www.caririemacao.com\/1\/wp-json\/wp\/v2\/media?parent=94030"}],"wp:term":[{"taxonomy":"category","embeddable":true,"href":"https:\/\/www.caririemacao.com\/1\/wp-json\/wp\/v2\/categories?post=94030"},{"taxonomy":"post_tag","embeddable":true,"href":"https:\/\/www.caririemacao.com\/1\/wp-json\/wp\/v2\/tags?post=94030"}],"curies":[{"name":"wp","href":"https:\/\/api.w.org\/{rel}","templated":true}]}}