{"id":94034,"date":"2019-05-06T13:33:12","date_gmt":"2019-05-06T16:33:12","guid":{"rendered":"http:\/\/www.caririemacao.com\/1\/?p=94034"},"modified":"2019-05-06T13:33:12","modified_gmt":"2019-05-06T16:33:12","slug":"servidores-e-professores-de-universidades-e-institutos-federais-programam-greve-para-14-de-junho","status":"publish","type":"post","link":"https:\/\/www.caririemacao.com\/1\/2019\/05\/06\/servidores-e-professores-de-universidades-e-institutos-federais-programam-greve-para-14-de-junho\/","title":{"rendered":"Servidores e professores de universidades e institutos federais programam greve para 14 de junho"},"content":{"rendered":"\n<p>Universidades e institutos federais ter\u00e3o greve nacional a partir de 14 de junho, segundo informou ao ClickPB o Sindicato dos Trabalhadores em Ensino Superior do Estado da Para\u00edba (SintesPB). Uma paralisa\u00e7\u00e3o j\u00e1 foi marcada para o dia 15 de maio sinalizando a manifesta\u00e7\u00e3o maior do m\u00eas de junho.<\/p>\n\n\n\n<p>Os sindicatos e outras organiza\u00e7\u00f5es de servidores federais e professores se mobilizam contra o corte de 30% no or\u00e7amento para a Educa\u00e7\u00e3o, anunciado pelo governo do presidente Jair Bolsonaro (PSL).<\/p>\n\n\n\n<p>Os profissionais tamb\u00e9m protestar\u00e3o contra a Reforma da Previd\u00eancia, em defesa do ensino p\u00fablico gratuito e pela valoriza\u00e7\u00e3o da Educa\u00e7\u00e3o B\u00e1sica, pelo corte tamb\u00e9m sofrido no or\u00e7amento para esse setor educacional.<\/p>\n\n\n\n<p>A Associa\u00e7\u00e3o dos Docentes da Universidade Federal da Para\u00edba (ADUFPB) ter\u00e1 reuni\u00e3o da diretoria na tarde desta segunda-feira (6) em prepara\u00e7\u00e3o para a paralisa\u00e7\u00e3o do dia 15 e para a greve do dia 14 de junho. O SintesPB ter\u00e1 reuni\u00e3o na quarta-feira (8) para discutar as pautas.<\/p>\n\n\n\n<p>Com a greve, milhares de alunos devem ficar ser aulas na UFPB, IFPB, UFCG e noutras institui\u00e7\u00f5es pelo Brasil.<\/p>\n\n\n\n<p>O site da Associa\u00e7\u00e3o dos Docentes da UFCG j\u00e1 informa sobre a assembleia da entidade para discutir a paralisa\u00e7\u00e3o do dia 15 de maio e constru\u00e7\u00e3o de greve geral.<\/p>\n\n\n\n<figure class=\"wp-block-image\"><img decoding=\"async\" data-src=\"https:\/\/www.clickpb.com.br\/media\/filer_public\/07\/aa\/07aaddbf-9464-43ae-9ab8-df1c5845dfaa\/assembleia_adufcg.jpg\" alt=\"\" src=\"data:image\/svg+xml;base64,PHN2ZyB3aWR0aD0iMSIgaGVpZ2h0PSIxIiB4bWxucz0iaHR0cDovL3d3dy53My5vcmcvMjAwMC9zdmciPjwvc3ZnPg==\" class=\"lazyload\" \/><\/figure>\n\n\n\n<p>O&nbsp;Sindicato dos Trabalhadores Federais da Educa\u00e7\u00e3o B\u00e1sica, Profissional e Tecnol\u00f3gica da Para\u00edba (SINTEFPB), que re\u00fane os servidores do IFPB, ter\u00e1 assembleia no dia 13 de maio para avaliar a participa\u00e7\u00e3o na paralisa\u00e7\u00e3o do dia 15.<\/p>\n","protected":false},"excerpt":{"rendered":"<p>Universidades e institutos federais ter\u00e3o greve nacional a partir de 14 de junho, segundo informou ao ClickPB o Sindicato dos Trabalhadores em Ensino Superior do&hellip; <\/p>\n","protected":false},"author":1,"featured_media":94035,"comment_status":"closed","ping_status":"closed","sticky":false,"template":"","format":"standard","meta":{"sfsi_plus_gutenberg_text_before_share":"","sfsi_plus_gutenberg_show_text_before_share":"","sfsi_plus_gutenberg_icon_type":"","sfsi_plus_gutenberg_icon_alignemt":"","sfsi_plus_gutenburg_max_per_row":"","footnotes":""},"categories":[2],"tags":[],"class_list":["post-94034","post","type-post","status-publish","format-standard","has-post-thumbnail","hentry","category-geral"],"_links":{"self":[{"href":"https:\/\/www.caririemacao.com\/1\/wp-json\/wp\/v2\/posts\/94034","targetHints":{"allow":["GET"]}}],"collection":[{"href":"https:\/\/www.caririemacao.com\/1\/wp-json\/wp\/v2\/posts"}],"about":[{"href":"https:\/\/www.caririemacao.com\/1\/wp-json\/wp\/v2\/types\/post"}],"author":[{"embeddable":true,"href":"https:\/\/www.caririemacao.com\/1\/wp-json\/wp\/v2\/users\/1"}],"replies":[{"embeddable":true,"href":"https:\/\/www.caririemacao.com\/1\/wp-json\/wp\/v2\/comments?post=94034"}],"version-history":[{"count":1,"href":"https:\/\/www.caririemacao.com\/1\/wp-json\/wp\/v2\/posts\/94034\/revisions"}],"predecessor-version":[{"id":94036,"href":"https:\/\/www.caririemacao.com\/1\/wp-json\/wp\/v2\/posts\/94034\/revisions\/94036"}],"wp:featuredmedia":[{"embeddable":true,"href":"https:\/\/www.caririemacao.com\/1\/wp-json\/wp\/v2\/media\/94035"}],"wp:attachment":[{"href":"https:\/\/www.caririemacao.com\/1\/wp-json\/wp\/v2\/media?parent=94034"}],"wp:term":[{"taxonomy":"category","embeddable":true,"href":"https:\/\/www.caririemacao.com\/1\/wp-json\/wp\/v2\/categories?post=94034"},{"taxonomy":"post_tag","embeddable":true,"href":"https:\/\/www.caririemacao.com\/1\/wp-json\/wp\/v2\/tags?post=94034"}],"curies":[{"name":"wp","href":"https:\/\/api.w.org\/{rel}","templated":true}]}}