{"id":94044,"date":"2019-05-06T13:37:48","date_gmt":"2019-05-06T16:37:48","guid":{"rendered":"http:\/\/www.caririemacao.com\/1\/?p=94044"},"modified":"2019-05-06T13:37:48","modified_gmt":"2019-05-06T16:37:48","slug":"mpf-abre-inscricoes-para-vagas-de-estagio-a-partir-desta-segunda-feira","status":"publish","type":"post","link":"https:\/\/www.caririemacao.com\/1\/2019\/05\/06\/mpf-abre-inscricoes-para-vagas-de-estagio-a-partir-desta-segunda-feira\/","title":{"rendered":"MPF abre inscri\u00e7\u00f5es para vagas de est\u00e1gio a partir desta segunda-feira"},"content":{"rendered":"\n<p>Come\u00e7am nesta&nbsp;segunda-feira (06) as inscri\u00e7\u00f5es para est\u00e1gio no Minist\u00e9rio P\u00fablico Federal (MPF) com vagas para estudantes dos cursos de Gest\u00e3o P\u00fablica, Ci\u00eancias Cont\u00e1beis, Inform\u00e1tica, Jornalismo, Publicidade (na unidade de Jo\u00e3o Pessoa) e Direito (na unidade de Monteiro).&nbsp;As inscri\u00e7\u00f5es seguem at\u00e9 o dia 12 de maio e devem ser feitas pelo&nbsp;<a href=\"http:\/\/www.mpf.mp.br\/pb\/estagie-conosco\/inscricoes\">atrav\u00e9s do site do MPF<\/a>.&nbsp;<\/p>\n\n\n\n<p><a href=\"http:\/\/www.mpf.mp.br\/pb\/estagie-conosco\/selecao-da-area-meio-2019\">Confira o edital da sele\u00e7\u00e3o para Jo\u00e3o Pessoa<\/a><\/p>\n\n\n\n<p>De acordo com os editais dos est\u00e1gios, as vagas para estagi\u00e1rios ser\u00e3o preenchidas ao longo da sele\u00e7\u00e3o e com a classifica\u00e7\u00e3o no exame.&nbsp;<\/p>\n\n\n\n<p>O est\u00e1gio curricular remunerado oferecido pelo MPF visa a prepara\u00e7\u00e3o para o trabalho produtivo em complementa\u00e7\u00e3o ao conhecimento te\u00f3rico adquirido na institui\u00e7\u00e3o de ensino; o desenvolvimento de habilidades pr\u00f3prias da atividade profissional; o aperfei\u00e7oamento t\u00e9cnico-cultural e cient\u00edfico; a contextualiza\u00e7\u00e3o curricular, mediante aplica\u00e7\u00e3o de conhecimentos te\u00f3ricos; e a participa\u00e7\u00e3o em atividades de cunho social, objetivando o desenvolvimento para a vida cidad\u00e3.<\/p>\n\n\n\n<p>As provas objetivas est\u00e3o previstas para o dia 2 de junho.<\/p>\n\n\n\n<p>A concess\u00e3o do est\u00e1gio \u00e9 formalizada por meio de termo de compromisso firmado entre o MPF e o estagi\u00e1rio, com a participa\u00e7\u00e3o obrigat\u00f3ria da institui\u00e7\u00e3o de ensino. Cabe ainda ao MPF fixar a dura\u00e7\u00e3o, a forma de orienta\u00e7\u00e3o, a supervis\u00e3o e a avalia\u00e7\u00e3o do est\u00e1gio.<\/p>\n\n\n\n<p>Outras informa\u00e7\u00f5es podem ser obtidas com o N\u00facleo de Gest\u00e3o de Pessoas do \u00f3rg\u00e3o, atrav\u00e9s do n\u00famero (83) 3044-6268.<\/p>\n","protected":false},"excerpt":{"rendered":"<p>Come\u00e7am nesta&nbsp;segunda-feira (06) as inscri\u00e7\u00f5es para est\u00e1gio no Minist\u00e9rio P\u00fablico Federal (MPF) com vagas para estudantes dos cursos de Gest\u00e3o P\u00fablica, Ci\u00eancias Cont\u00e1beis, Inform\u00e1tica, Jornalismo,&hellip; <\/p>\n","protected":false},"author":1,"featured_media":89626,"comment_status":"closed","ping_status":"closed","sticky":false,"template":"","format":"standard","meta":{"sfsi_plus_gutenberg_text_before_share":"","sfsi_plus_gutenberg_show_text_before_share":"","sfsi_plus_gutenberg_icon_type":"","sfsi_plus_gutenberg_icon_alignemt":"","sfsi_plus_gutenburg_max_per_row":"","footnotes":""},"categories":[2],"tags":[],"class_list":["post-94044","post","type-post","status-publish","format-standard","has-post-thumbnail","hentry","category-geral"],"_links":{"self":[{"href":"https:\/\/www.caririemacao.com\/1\/wp-json\/wp\/v2\/posts\/94044","targetHints":{"allow":["GET"]}}],"collection":[{"href":"https:\/\/www.caririemacao.com\/1\/wp-json\/wp\/v2\/posts"}],"about":[{"href":"https:\/\/www.caririemacao.com\/1\/wp-json\/wp\/v2\/types\/post"}],"author":[{"embeddable":true,"href":"https:\/\/www.caririemacao.com\/1\/wp-json\/wp\/v2\/users\/1"}],"replies":[{"embeddable":true,"href":"https:\/\/www.caririemacao.com\/1\/wp-json\/wp\/v2\/comments?post=94044"}],"version-history":[{"count":1,"href":"https:\/\/www.caririemacao.com\/1\/wp-json\/wp\/v2\/posts\/94044\/revisions"}],"predecessor-version":[{"id":94045,"href":"https:\/\/www.caririemacao.com\/1\/wp-json\/wp\/v2\/posts\/94044\/revisions\/94045"}],"wp:featuredmedia":[{"embeddable":true,"href":"https:\/\/www.caririemacao.com\/1\/wp-json\/wp\/v2\/media\/89626"}],"wp:attachment":[{"href":"https:\/\/www.caririemacao.com\/1\/wp-json\/wp\/v2\/media?parent=94044"}],"wp:term":[{"taxonomy":"category","embeddable":true,"href":"https:\/\/www.caririemacao.com\/1\/wp-json\/wp\/v2\/categories?post=94044"},{"taxonomy":"post_tag","embeddable":true,"href":"https:\/\/www.caririemacao.com\/1\/wp-json\/wp\/v2\/tags?post=94044"}],"curies":[{"name":"wp","href":"https:\/\/api.w.org\/{rel}","templated":true}]}}