{"id":94064,"date":"2019-05-06T18:03:57","date_gmt":"2019-05-06T21:03:57","guid":{"rendered":"http:\/\/www.caririemacao.com\/1\/?p=94064"},"modified":"2019-05-06T18:03:57","modified_gmt":"2019-05-06T21:03:57","slug":"em-meio-a-corte-na-educacao-bolsonaro-defende-colegios-militares-em-todas-as-capitais","status":"publish","type":"post","link":"https:\/\/www.caririemacao.com\/1\/2019\/05\/06\/em-meio-a-corte-na-educacao-bolsonaro-defende-colegios-militares-em-todas-as-capitais\/","title":{"rendered":"Em meio a corte na educa\u00e7\u00e3o, Bolsonaro defende col\u00e9gios militares em todas as capitais"},"content":{"rendered":"\n<p>Em meio ao an\u00fancio de bloqueio de verbas na educa\u00e7\u00e3o, o presidente Jair Bolsonaro afirmou nesta segunda-feira (6) que pretende construir um col\u00e9gio militar em cada capital do pa\u00eds.<\/p>\n\n\n\n<p>O pa\u00eds tem 13 col\u00e9gio militares, sendo 11 em capitais. A inten\u00e7\u00e3o exigiria a constru\u00e7\u00e3o de 16 novas unidades.<\/p>\n\n\n\n<p>\u201cDefendemos, junto ao Minist\u00e9rio da Defesa e da Educa\u00e7\u00e3o um col\u00e9gio militar em todas as capitais do Brasil. J\u00e1 estamos concretizando a constru\u00e7\u00e3o daquele que seria, pela \u00e1rea dispon\u00edvel, o maior col\u00e9gio militar do pa\u00eds na \u00e1rea do Campo de Marte, em S\u00e3o Paulo\u201d, afirmou o presidente na cerim\u00f4nia de lan\u00e7amento de selo e medalha em comemora\u00e7\u00e3o aos 130 anos do Col\u00e9gio Militar do Rio de Janeiro<\/p>\n\n\n\n<p>\u201cQueremos mais crian\u00e7as e jovens estudando nesses bancos escolares. Respeito, disciplina e amor \u00e0 p\u00e1tria s\u00e3o fundamentos importantes desses col\u00e9gios. As escolas militares honram todos os brasileiros, destacando-se nas avalia\u00e7\u00f5es da educa\u00e7\u00e3o b\u00e1sica, algumas liderando o ranking dos estados\u201d, declarou ele.<\/p>\n\n\n\n<p>Na semana passada, o Minist\u00e9rio da Educa\u00e7\u00e3o anunciou um corte de&nbsp;30% nos repasses de verbas a universidades federais, em raz\u00e3o de um contingenciamento de R$ 5,8 bilh\u00f5es no or\u00e7amento da pasta.<\/p>\n\n\n\n<p>O corte, contudo, atingiu tamb\u00e9m escolas de ensino b\u00e1sico da rede federal, como o Col\u00e9gio Pedro 2\u00b0, do Rio de Janeiro.<\/p>\n\n\n\n<p>Vizinhos ao Col\u00e9gio Militar, na Tijuca (zona norte), estudantes do Pedro 2\u00b0 fizeram uma manifesta\u00e7\u00e3o em frente \u00e0 unidade em que estava Bolsonaro.<\/p>\n\n\n\n<p><em>Com Click PB<\/em><\/p>\n","protected":false},"excerpt":{"rendered":"<p>Em meio ao an\u00fancio de bloqueio de verbas na educa\u00e7\u00e3o, o presidente Jair Bolsonaro afirmou nesta segunda-feira (6) que pretende construir um col\u00e9gio militar em&hellip; <\/p>\n","protected":false},"author":1,"featured_media":94066,"comment_status":"closed","ping_status":"closed","sticky":false,"template":"","format":"standard","meta":{"sfsi_plus_gutenberg_text_before_share":"","sfsi_plus_gutenberg_show_text_before_share":"","sfsi_plus_gutenberg_icon_type":"","sfsi_plus_gutenberg_icon_alignemt":"","sfsi_plus_gutenburg_max_per_row":"","footnotes":""},"categories":[11],"tags":[],"class_list":["post-94064","post","type-post","status-publish","format-standard","has-post-thumbnail","hentry","category-politica"],"_links":{"self":[{"href":"https:\/\/www.caririemacao.com\/1\/wp-json\/wp\/v2\/posts\/94064","targetHints":{"allow":["GET"]}}],"collection":[{"href":"https:\/\/www.caririemacao.com\/1\/wp-json\/wp\/v2\/posts"}],"about":[{"href":"https:\/\/www.caririemacao.com\/1\/wp-json\/wp\/v2\/types\/post"}],"author":[{"embeddable":true,"href":"https:\/\/www.caririemacao.com\/1\/wp-json\/wp\/v2\/users\/1"}],"replies":[{"embeddable":true,"href":"https:\/\/www.caririemacao.com\/1\/wp-json\/wp\/v2\/comments?post=94064"}],"version-history":[{"count":1,"href":"https:\/\/www.caririemacao.com\/1\/wp-json\/wp\/v2\/posts\/94064\/revisions"}],"predecessor-version":[{"id":94067,"href":"https:\/\/www.caririemacao.com\/1\/wp-json\/wp\/v2\/posts\/94064\/revisions\/94067"}],"wp:featuredmedia":[{"embeddable":true,"href":"https:\/\/www.caririemacao.com\/1\/wp-json\/wp\/v2\/media\/94066"}],"wp:attachment":[{"href":"https:\/\/www.caririemacao.com\/1\/wp-json\/wp\/v2\/media?parent=94064"}],"wp:term":[{"taxonomy":"category","embeddable":true,"href":"https:\/\/www.caririemacao.com\/1\/wp-json\/wp\/v2\/categories?post=94064"},{"taxonomy":"post_tag","embeddable":true,"href":"https:\/\/www.caririemacao.com\/1\/wp-json\/wp\/v2\/tags?post=94064"}],"curies":[{"name":"wp","href":"https:\/\/api.w.org\/{rel}","templated":true}]}}