{"id":94078,"date":"2019-05-07T08:07:00","date_gmt":"2019-05-07T11:07:00","guid":{"rendered":"http:\/\/www.caririemacao.com\/1\/?p=94078"},"modified":"2019-05-07T08:07:00","modified_gmt":"2019-05-07T11:07:00","slug":"novo-presidente-da-apex-toma-posse-e-demite-diretores-diz-assessoria","status":"publish","type":"post","link":"https:\/\/www.caririemacao.com\/1\/2019\/05\/07\/novo-presidente-da-apex-toma-posse-e-demite-diretores-diz-assessoria\/","title":{"rendered":"Novo presidente da Apex toma posse e demite diretores, diz assessoria"},"content":{"rendered":"\n<p>A Ag\u00eancia Brasileira de Promo\u00e7\u00e3o de Exporta\u00e7\u00f5es e Investimentos (Apex) informou que o contra-almirante da Marinha Sergio Ricardo Segovia Barbosa tomou posse nesta segunda-feira (6) como novo presidente do \u00f3rg\u00e3o.<\/p>\n\n\n\n<p>Barbosa foi escolhido para o cargo pelo presidente&nbsp;<a href=\"https:\/\/g1.globo.com\/politica\/politico\/jair-bolsonaro\/\">Jair Bolsonaro<\/a>&nbsp;e j\u00e1 \u00e9 o&nbsp;<a href=\"https:\/\/g1.globo.com\/politica\/noticia\/2019\/04\/09\/itamaraty-anuncia-exoneracao-do-presidente-da-apex.ghtml\">terceiro presidente do \u00f3rg\u00e3o<\/a>&nbsp;desde o in\u00edcio do novo governo.<\/p>\n\n\n\n<p>Conforme a Apex, ao tomar posse, o contra-almirante decidiu demitir os diretores de Gest\u00e3o Corporativa, M\u00e1rcio Coimbra, e de Neg\u00f3cios, Let\u00edcia Catelani.<\/p>\n\n\n\n<p>Segundo a colunista do&nbsp;<strong>G1<\/strong>&nbsp;e da GloboNews Cristiana L\u00f4bo, os dois s\u00e3o ligados ao&nbsp;<a href=\"https:\/\/g1.globo.com\/politica\/partido\/psl\/\">PSL<\/a>, partido de Bolsonaro,&nbsp;<a href=\"https:\/\/g1.globo.com\/politica\/blog\/cristiana-lobo\/post\/2019\/04\/23\/militar-assumira-apex-com-autonomia-para-escolher-diretores.ghtml\">ao chamado &#8220;grupo ideol\u00f3gico&#8221; do governo<\/a>&nbsp;e ao chanceler Ernesto Ara\u00fajo.<\/p>\n\n\n\n<p>Em abril, antes de deixar o cargo, o ent\u00e3o presidente da Apex M\u00e1rio Vilalva disse que tinha sido&nbsp;<a href=\"https:\/\/g1.globo.com\/politica\/blog\/julia-duailibi\/post\/2019\/04\/09\/embaixador-diz-que-nao-pretende-entregar-o-cargo.ghtml\">alvo de &#8220;sabotagem&#8221;<\/a>&nbsp;por parte de M\u00e1rcio Coimbra e de Let\u00edcia Catelani, al\u00e9m do ministro das Rela\u00e7\u00f5es Exteriores, Ernesto Ara\u00fajo.<\/p>\n\n\n\n<p>A Apex \u00e9 vinculada ao Minist\u00e9rio das Rela\u00e7\u00f5es Exteriores e cabe \u00e0 ag\u00eancia promover os produtos e servi\u00e7os brasileiros no exterior e atrair investimentos estrangeiros para setores estrat\u00e9gicos da economia brasileira.<\/p>\n\n\n\n<p>De acordo com o Blog da Cristiana L\u00f4bo, a escolha por Barbosa representou uma vit\u00f3ria do n\u00facleo militar do governo sobre o ideol\u00f3gico. O novo presidente da Apex ocupava o cargo de sub-chefe de Intelig\u00eancia Estrat\u00e9gica do Minist\u00e9rio da Defesa.<\/p>\n\n\n\n<h2 class=\"wp-block-heading\">\u00cdntegra<\/h2>\n\n\n\n<p>Leia abaixo a \u00edntegra da nota divulgada pela Apex:<\/p>\n\n\n\n<p><em>Nota \u00e0 imprensa<\/em><\/p>\n\n\n\n<p><em>O senhor Sergio Ricardo Segovia Barbosa assumiu, hoje (6 de maio), a presid\u00eancia da Apex-Brasil.<\/em><\/p>\n\n\n\n<p><em>Segovia, 55 anos, \u00e9 Contra-Almirante na Marinha Brasileira. Com reconhecida experi\u00eancia profissional nas \u00e1reas militar, gerencial e governamental, ele trabalhou em An\u00e1lise de Intelig\u00eancia, Opera\u00e7\u00f5es Militares e Log\u00edstica. Atuou tamb\u00e9m em Gerenciamento de Emerg\u00eancia e de Riscos, Seguran\u00e7a Mar\u00edtima, Planejamento Estrat\u00e9gico, Navega\u00e7\u00e3o e Opera\u00e7\u00f5es Mar\u00edtimas. Al\u00e9m disso, na \u00e1rea de com\u00e9rcio exterior, foi respons\u00e1vel pelos processos de log\u00edstica e de aquisi\u00e7\u00e3o internacional, quando encarregado do grupo de recebimento de navio no estrangeiro.<\/em><\/p>\n\n\n\n<p><em>Segovia tem p\u00f3s-gradua\u00e7\u00e3o em Pol\u00edtica e Estrat\u00e9gia, pela Escola Superior de Guerra. \u00c9 fluente nos idiomas ingl\u00eas e espanhol.<\/em><\/p>\n\n\n\n<p><em>A chegada do novo presidente implicar\u00e1 em algumas mudan\u00e7as na Ag\u00eancia, j\u00e1 iniciadas hoje, com a decis\u00e3o de Segovia de destituir de suas fun\u00e7\u00f5es os senhores Marcio Coimbra, Diretor de Gest\u00e3o Corporativa, e Let\u00edcia Catelani, Diretora de Neg\u00f3cios.<\/em><\/p>\n\n\n\n<p><em>Em breve ser\u00e3o informados os nomes dos novos ocupantes dos referidos cargos, cuja indica\u00e7\u00e3o estar\u00e1 sob responsabilidade do Conselho Deliberativo Administrativo.<\/em><\/p>\n\n\n\n<p><em>Assessoria de Imprensa Apex-Brasil<\/em><\/p>\n","protected":false},"excerpt":{"rendered":"<p>A Ag\u00eancia Brasileira de Promo\u00e7\u00e3o de Exporta\u00e7\u00f5es e Investimentos (Apex) informou que o contra-almirante da Marinha Sergio Ricardo Segovia Barbosa tomou posse nesta segunda-feira (6)&hellip; <\/p>\n","protected":false},"author":1,"featured_media":90486,"comment_status":"closed","ping_status":"closed","sticky":false,"template":"","format":"standard","meta":{"sfsi_plus_gutenberg_text_before_share":"","sfsi_plus_gutenberg_show_text_before_share":"","sfsi_plus_gutenberg_icon_type":"","sfsi_plus_gutenberg_icon_alignemt":"","sfsi_plus_gutenburg_max_per_row":"","footnotes":""},"categories":[11],"tags":[],"class_list":["post-94078","post","type-post","status-publish","format-standard","has-post-thumbnail","hentry","category-politica"],"_links":{"self":[{"href":"https:\/\/www.caririemacao.com\/1\/wp-json\/wp\/v2\/posts\/94078","targetHints":{"allow":["GET"]}}],"collection":[{"href":"https:\/\/www.caririemacao.com\/1\/wp-json\/wp\/v2\/posts"}],"about":[{"href":"https:\/\/www.caririemacao.com\/1\/wp-json\/wp\/v2\/types\/post"}],"author":[{"embeddable":true,"href":"https:\/\/www.caririemacao.com\/1\/wp-json\/wp\/v2\/users\/1"}],"replies":[{"embeddable":true,"href":"https:\/\/www.caririemacao.com\/1\/wp-json\/wp\/v2\/comments?post=94078"}],"version-history":[{"count":1,"href":"https:\/\/www.caririemacao.com\/1\/wp-json\/wp\/v2\/posts\/94078\/revisions"}],"predecessor-version":[{"id":94079,"href":"https:\/\/www.caririemacao.com\/1\/wp-json\/wp\/v2\/posts\/94078\/revisions\/94079"}],"wp:featuredmedia":[{"embeddable":true,"href":"https:\/\/www.caririemacao.com\/1\/wp-json\/wp\/v2\/media\/90486"}],"wp:attachment":[{"href":"https:\/\/www.caririemacao.com\/1\/wp-json\/wp\/v2\/media?parent=94078"}],"wp:term":[{"taxonomy":"category","embeddable":true,"href":"https:\/\/www.caririemacao.com\/1\/wp-json\/wp\/v2\/categories?post=94078"},{"taxonomy":"post_tag","embeddable":true,"href":"https:\/\/www.caririemacao.com\/1\/wp-json\/wp\/v2\/tags?post=94078"}],"curies":[{"name":"wp","href":"https:\/\/api.w.org\/{rel}","templated":true}]}}