{"id":94081,"date":"2019-05-07T08:13:58","date_gmt":"2019-05-07T11:13:58","guid":{"rendered":"http:\/\/www.caririemacao.com\/1\/?p=94081"},"modified":"2019-05-07T08:13:58","modified_gmt":"2019-05-07T11:13:58","slug":"para-garantir-coaf-na-justica-parlamentares-cobram-ampliacao-do-numero-de-ministerios","status":"publish","type":"post","link":"https:\/\/www.caririemacao.com\/1\/2019\/05\/07\/para-garantir-coaf-na-justica-parlamentares-cobram-ampliacao-do-numero-de-ministerios\/","title":{"rendered":"Para garantir Coaf na Justi\u00e7a, parlamentares cobram amplia\u00e7\u00e3o do n\u00famero de minist\u00e9rios"},"content":{"rendered":"\n<p>Diante da vontade do governo de manter o Conselho de Controle de Atividades Financeiras (<a href=\"https:\/\/g1.globo.com\/economia\/noticia\/2019\/01\/21\/saiba-o-que-e-e-como-funciona-o-coaf.ghtml\">Coaf<\/a>) no Minist\u00e9rio da Justi\u00e7a e Seguran\u00e7a P\u00fablica, parlamentares de partidos como MDB, DEM e do &#8220;Centr\u00e3o&#8221; passaram a pressionar o Pal\u00e1cio do Planalto a aumentar o n\u00famero de minist\u00e9rios, informa o rep\u00f3rter&nbsp;<strong><em>Nilson Klava<\/em><\/strong>, da&nbsp;<strong><em>GloboNews<\/em><\/strong>.<\/p>\n\n\n\n<p>A ideia ainda ser\u00e1 levada ao presidente&nbsp;<a href=\"https:\/\/g1.globo.com\/politica\/politico\/jair-bolsonaro\/\">Jair Bolsonaro<\/a>. O objetivo desses parlamentares \u00e9 dividir o minist\u00e9rio do Desenvolvimento Regional nas extintas pastas das Cidades e da Integra\u00e7\u00e3o Nacional.<\/p>\n\n\n\n<p>O governo tem sido aconselhado por interlocutores no Congresso a ceder, ou seja, a abrir espa\u00e7o para uma indica\u00e7\u00e3o vinda do parlamento. Assim, defendem esses interlocutores, pode aumentar a base de apoio e aprovar a reforma da Previd\u00eancia, por exemplo.<\/p>\n\n\n\n<p>&#8220;Seria uma sinaliza\u00e7\u00e3o importante na interlocu\u00e7\u00e3o com o Congresso, um afago nos parlamentares nesse momento importante&#8221;, resume um parlamentar.<\/p>\n\n\n\n<p>A medida \u00e9 colocada por parlamentares como condi\u00e7\u00e3o para o\u00a0<a href=\"https:\/\/g1.globo.com\/politica\/noticia\/2019\/05\/06\/apos-reuniao-com-moro-lider-do-governo-diz-que-mantera-coaf-no-ministerio-da-justica.ghtml\">Coaf continuar no Minist\u00e9rio da Justi\u00e7a<\/a>. As discuss\u00f5es come\u00e7am nesta ter\u00e7a-feira na comiss\u00e3o especial que ir\u00e1 analisar a MP 870, que reestruturou a Esplanada dos Minist\u00e9rios no governo Bolsonaro.<\/p>\n\n\n\n<p><\/p>\n\n\n\n<p>G1<\/p>\n","protected":false},"excerpt":{"rendered":"<p>Diante da vontade do governo de manter o Conselho de Controle de Atividades Financeiras (Coaf) no Minist\u00e9rio da Justi\u00e7a e Seguran\u00e7a P\u00fablica, parlamentares de partidos&hellip; <\/p>\n","protected":false},"author":1,"featured_media":94082,"comment_status":"closed","ping_status":"closed","sticky":false,"template":"","format":"standard","meta":{"sfsi_plus_gutenberg_text_before_share":"","sfsi_plus_gutenberg_show_text_before_share":"","sfsi_plus_gutenberg_icon_type":"","sfsi_plus_gutenberg_icon_alignemt":"","sfsi_plus_gutenburg_max_per_row":"","footnotes":""},"categories":[11],"tags":[],"class_list":["post-94081","post","type-post","status-publish","format-standard","has-post-thumbnail","hentry","category-politica"],"_links":{"self":[{"href":"https:\/\/www.caririemacao.com\/1\/wp-json\/wp\/v2\/posts\/94081","targetHints":{"allow":["GET"]}}],"collection":[{"href":"https:\/\/www.caririemacao.com\/1\/wp-json\/wp\/v2\/posts"}],"about":[{"href":"https:\/\/www.caririemacao.com\/1\/wp-json\/wp\/v2\/types\/post"}],"author":[{"embeddable":true,"href":"https:\/\/www.caririemacao.com\/1\/wp-json\/wp\/v2\/users\/1"}],"replies":[{"embeddable":true,"href":"https:\/\/www.caririemacao.com\/1\/wp-json\/wp\/v2\/comments?post=94081"}],"version-history":[{"count":1,"href":"https:\/\/www.caririemacao.com\/1\/wp-json\/wp\/v2\/posts\/94081\/revisions"}],"predecessor-version":[{"id":94083,"href":"https:\/\/www.caririemacao.com\/1\/wp-json\/wp\/v2\/posts\/94081\/revisions\/94083"}],"wp:featuredmedia":[{"embeddable":true,"href":"https:\/\/www.caririemacao.com\/1\/wp-json\/wp\/v2\/media\/94082"}],"wp:attachment":[{"href":"https:\/\/www.caririemacao.com\/1\/wp-json\/wp\/v2\/media?parent=94081"}],"wp:term":[{"taxonomy":"category","embeddable":true,"href":"https:\/\/www.caririemacao.com\/1\/wp-json\/wp\/v2\/categories?post=94081"},{"taxonomy":"post_tag","embeddable":true,"href":"https:\/\/www.caririemacao.com\/1\/wp-json\/wp\/v2\/tags?post=94081"}],"curies":[{"name":"wp","href":"https:\/\/api.w.org\/{rel}","templated":true}]}}