{"id":94084,"date":"2019-05-07T08:19:16","date_gmt":"2019-05-07T11:19:16","guid":{"rendered":"http:\/\/www.caririemacao.com\/1\/?p=94084"},"modified":"2019-05-07T08:19:16","modified_gmt":"2019-05-07T11:19:16","slug":"pelo-menos-13-pessoas-morreram-em-acoes-policiais-em-tres-dias-no-rio","status":"publish","type":"post","link":"https:\/\/www.caririemacao.com\/1\/2019\/05\/07\/pelo-menos-13-pessoas-morreram-em-acoes-policiais-em-tres-dias-no-rio\/","title":{"rendered":"Pelo menos 13 pessoas morreram em a\u00e7\u00f5es policiais em tr\u00eas dias no Rio"},"content":{"rendered":"\n<p>Treze pessoas morreram em tr\u00eas dias durante opera\u00e7\u00f5es policiais no Rio de Janeiro entre a \u00faltima sexta (3) e esta segunda-feira (7). Foram oito mortes no Conjunto de Favelas da Mar\u00e9 e quatro no Morro do Borel, ambas comunidades na Zona Norte do Rio. Al\u00e9m deles, um mototaxista morreu durante uma a\u00e7\u00e3o na Rocinha, na Zona Sul &#8211; outras tr\u00eas pessoas, entre elas um policial, ficaram feridas no incidente.<\/p>\n\n\n\n<ul class=\"wp-block-list\"><li><a href=\"https:\/\/g1.globo.com\/rj\/rio-de-janeiro\/noticia\/2019\/05\/03\/rj-bate-recorde-na-apreensao-de-fuzis-em-2019-numero-de-mortes-por-intervencao-policial-e-o-maior-nos-ultimos-20-anos.ghtml\">N\u00famero de mortes por interven\u00e7\u00e3o policial no RJ \u00e9 o maior nos \u00faltimos 20 anos<\/a><\/li><\/ul>\n\n\n\n<p>Nesta segunda-feira (6), uma&nbsp;<a href=\"https:\/\/g1.globo.com\/rj\/rio-de-janeiro\/noticia\/2019\/05\/06\/operacao-da-policia-provoca-intenso-tiroteio-no-complexo-da-mare-na-zona-norte-do-rio.ghtml\">opera\u00e7\u00e3o da Pol\u00edcia Civil no Complexo da Mar\u00e9<\/a>&nbsp;utilizou helic\u00f3pteros para sobrevoar a comunidade. Segundo a pol\u00edcia, al\u00e9m dos oito mortos, duas pessoas foram presas, e sete fuzis e uma granada foram apreendidos.<\/p>\n\n\n\n<p>Na Rocinha, o mototaxista&nbsp;<a href=\"https:\/\/g1.globo.com\/rj\/rio-de-janeiro\/noticia\/2019\/05\/06\/moradores-protestam-apos-morte-na-rocinha-na-zona-sul-do-rio.ghtml\">Joselino Soares da Silva, de 27 anos, foi morto&nbsp;<\/a>durante um tiroteio com a pol\u00edcia na madrugada desta segunda-feira (6). Outros dois homens tamb\u00e9m foram baleados e levados para o hospital.<\/p>\n\n\n\n<p>Na sexta-feira (3),&nbsp;<a href=\"https:\/\/g1.globo.com\/rj\/rio-de-janeiro\/noticia\/2019\/05\/03\/operacao-da-policia-no-morro-do-borel-zona-norte-do-rio-deixa-mortos.ghtml\">quatro suspeitos morreram durante opera\u00e7\u00e3o da Pol\u00edcia Militar<\/a>&nbsp;no Morro do Borel, na Tijuca, Zona Norte do Rio. Ap\u00f3s um tiroteio, os PMs relataram terem encontrado quatro homens feridos, que foram levados ao Hospital Federal do Andara\u00ed, onde n\u00e3o resistiram aos ferimentos.<\/p>\n\n\n\n<p>O&nbsp;<strong>G1<\/strong>&nbsp;publicou uma reportagem na sexta-feira (3) que mostra o&nbsp;<a href=\"https:\/\/g1.globo.com\/rj\/rio-de-janeiro\/noticia\/2019\/05\/03\/rj-bate-recorde-na-apreensao-de-fuzis-em-2019-numero-de-mortes-por-intervencao-policial-e-o-maior-nos-ultimos-20-anos.ghtml\">n\u00famero de mortes por interven\u00e7\u00e3o policial em 2019<\/a>&nbsp;como o maior nos \u00faltimos 20 anos. Foram 434 casos de janeiro a mar\u00e7o, numa m\u00e9dia de sete \u00f3bitos por dia. Os dados s\u00e3o do Instituto de Seguran\u00e7a P\u00fablica do Rio (ISP).<\/p>\n\n\n\n<figure class=\"wp-block-image\"><img decoding=\"async\" width=\"25\" height=\"35\" data-src=\"http:\/\/www.caririemacao.com\/1\/wp-content\/uploads\/2019\/05\/image-2.jpeg\" alt=\"\" class=\"wp-image-94085 lazyload\" src=\"data:image\/svg+xml;base64,PHN2ZyB3aWR0aD0iMSIgaGVpZ2h0PSIxIiB4bWxucz0iaHR0cDovL3d3dy53My5vcmcvMjAwMC9zdmciPjwvc3ZnPg==\" style=\"--smush-placeholder-width: 25px; --smush-placeholder-aspect-ratio: 25\/35;\" \/><\/figure>\n\n\n\n<figure class=\"wp-block-image\"><img decoding=\"async\" data-src=\"https:\/\/s2.glbimg.com\/DP1kWDb7BGpFuu7SoeOORDzFWbE=\/0x0:1600x2230\/984x0\/smart\/filters:strip_icc()\/i.s3.glbimg.com\/v1\/AUTH_59edd422c0c84a879bd37670ae4f538a\/internal_photos\/bs\/2019\/y\/Q\/WoZexcQrC7Hy1AlPzi3g\/mortes-por-intervencao-policial.png\" alt=\"Mortes por interven\u00e7\u00e3o da pol\u00edcia bate recorde \u2014 Foto: Arte \/ G1 Rio\" src=\"data:image\/svg+xml;base64,PHN2ZyB3aWR0aD0iMSIgaGVpZ2h0PSIxIiB4bWxucz0iaHR0cDovL3d3dy53My5vcmcvMjAwMC9zdmciPjwvc3ZnPg==\" class=\"lazyload\" \/><\/figure>\n\n\n\n<p>Mortes por interven\u00e7\u00e3o da pol\u00edcia bate recorde \u2014 Foto: Arte \/ G1 Rio<\/p>\n\n\n\n<h2 class=\"wp-block-heading\">Witzel em a\u00e7\u00e3o policial<\/h2>\n\n\n\n<p>O governador do Rio de Janeiro,&nbsp;<a href=\"https:\/\/g1.globo.com\/politica\/politico\/wilson-witzel\/\">Wilson Witzel<\/a>, participou de uma<a href=\"https:\/\/g1.globo.com\/rj\/sul-do-rio-costa-verde\/noticia\/2019\/05\/04\/governador-witzel-participa-de-acao-com-core-em-angra-dos-reis.ghtml\">opera\u00e7\u00e3o da Pol\u00edcia Civil<\/a>&nbsp;em Angra dos Reis, na Costa Verde. De acordo com a pol\u00edcia, o objetivo era \u201cdar uma resposta \u00e0 criminalidade que vem assustando os moradores\u201d. A a\u00e7\u00e3o contou apenas com helic\u00f3pteros, n\u00e3o houve equipes em terra.<\/p>\n\n\n\n<figure class=\"wp-block-image\"><img decoding=\"async\" width=\"25\" height=\"16\" data-src=\"http:\/\/www.caririemacao.com\/1\/wp-content\/uploads\/2019\/05\/image-3.jpeg\" alt=\"\" class=\"wp-image-94087 lazyload\" src=\"data:image\/svg+xml;base64,PHN2ZyB3aWR0aD0iMSIgaGVpZ2h0PSIxIiB4bWxucz0iaHR0cDovL3d3dy53My5vcmcvMjAwMC9zdmciPjwvc3ZnPg==\" style=\"--smush-placeholder-width: 25px; --smush-placeholder-aspect-ratio: 25\/16;\" \/><\/figure>\n\n\n\n<figure class=\"wp-block-image\"><img decoding=\"async\" data-src=\"https:\/\/s2.glbimg.com\/TLaqJelHmMzTtOWEd2c3MOt955M=\/0x0:850x533\/984x0\/smart\/filters:strip_icc()\/s.glbimg.com\/jo\/g1\/f\/original\/2019\/05\/06\/witzel-no-helicoptero.jpg\" alt=\"O governador do RJ, Wilson Witzel, participa de voo da pol\u00edcia sobre Angra dos Reis \u2014 Foto: Reprodu\u00e7\u00e3o\/TV Globo\" src=\"data:image\/svg+xml;base64,PHN2ZyB3aWR0aD0iMSIgaGVpZ2h0PSIxIiB4bWxucz0iaHR0cDovL3d3dy53My5vcmcvMjAwMC9zdmciPjwvc3ZnPg==\" class=\"lazyload\" \/><\/figure>\n\n\n\n<p>O governador do RJ, Wilson Witzel, participa de voo da pol\u00edcia sobre Angra dos Reis \u2014 Foto: Reprodu\u00e7\u00e3o\/TV Globo<\/p>\n\n\n\n<p>A Comiss\u00e3o de Direitos Humanos da Assembleia Legislativa do Rio (CDDHC) denunciou para a Organiza\u00e7\u00e3o dos Estados Americanos (OEA) e epis\u00f3dio envolvendo o governador do Rio. Na den\u00fancia, o documento afirma que Witzel sempre disse e estimulou que era preciso \u201cabater traficantes\u201d, construir a \u201cnossa Guant\u00e1namo\u201d, e \u201catirar nas cabecinhas\u201d dos criminosos.<\/p>\n\n\n\n<p>A presidente da CDDHC, deputada Renata Souza, afirmou que as declara\u00e7\u00f5es do governador estimulam a viol\u00eancia e que a pol\u00edtica adotada no estado tem como base \u201ccrimes contra humanidade, pena de morte e tortura, e que, por \u00f3bvio, contrariam a Constitui\u00e7\u00e3o Federal\u201d, segundo o documento.<\/p>\n\n\n\n<figure class=\"wp-block-image\"><img decoding=\"async\" width=\"25\" height=\"19\" data-src=\"http:\/\/www.caririemacao.com\/1\/wp-content\/uploads\/2019\/05\/image-4.jpeg\" alt=\"\" class=\"wp-image-94086 lazyload\" src=\"data:image\/svg+xml;base64,PHN2ZyB3aWR0aD0iMSIgaGVpZ2h0PSIxIiB4bWxucz0iaHR0cDovL3d3dy53My5vcmcvMjAwMC9zdmciPjwvc3ZnPg==\" style=\"--smush-placeholder-width: 25px; --smush-placeholder-aspect-ratio: 25\/19;\" \/><\/figure>\n\n\n\n<figure class=\"wp-block-image\"><img decoding=\"async\" data-src=\"https:\/\/s2.glbimg.com\/j7TaTW3rj4xSeKqdn6DZiO50yd8=\/0x0:2048x1536\/984x0\/smart\/filters:strip_icc()\/i.s3.glbimg.com\/v1\/AUTH_59edd422c0c84a879bd37670ae4f538a\/internal_photos\/bs\/2019\/I\/3\/RBEGPkSImjR8uTWaAMow\/46352320274-64907a31ba-k.jpg\" alt=\"Marcas de tiros em casa no Fallet \u2014 Foto: Thathiana Gurgel\/Defensoria P\u00fablica\" src=\"data:image\/svg+xml;base64,PHN2ZyB3aWR0aD0iMSIgaGVpZ2h0PSIxIiB4bWxucz0iaHR0cDovL3d3dy53My5vcmcvMjAwMC9zdmciPjwvc3ZnPg==\" class=\"lazyload\" \/><\/figure>\n\n\n\n<p>Marcas de tiros em casa no Fallet \u2014 Foto: Thathiana Gurgel\/Defensoria P\u00fablica<\/p>\n\n\n\n<h2 class=\"wp-block-heading\">13 mortos no Fallet, Santa Teresa<\/h2>\n\n\n\n<p>Entre os casos de mortes envolvendo a pol\u00edcia que aconteceram no primeiro trimestre de 2019 est\u00e1 o tiroteio que em fevereiro deixou&nbsp;<a href=\"https:\/\/g1.globo.com\/rj\/rio-de-janeiro\/noticia\/2019\/02\/08\/tiroteio-deixa-mortos-no-fallet-fogueteiro.ghtml\">13 pessoas mortas nas comunidade do Fallet-Fogueteiro<\/a>, em Santa Teresa, no Centro do Rio.<\/p>\n\n\n\n<p>De acordo com informa\u00e7\u00f5es da Pol\u00edcia Militar, suspeitos participavam de um confronto com agentes do Comando de Opera\u00e7\u00f5es Especiais (COE). A opera\u00e7\u00e3o contou tamb\u00e9m com homens do Bope e do Batalh\u00e3o de Choque. Segundo a pol\u00edcia, a a\u00e7\u00e3o foi para combater o tr\u00e1fico de drogas.<\/p>\n\n\n\n<p>A PM relata que as equipes foram recebidas a tiros durante o vasculhamento e houve confronto. Dois baleados foram levados ao Souza Aguiar. Em outro ponto, armas foram apreendidas.<\/p>\n\n\n\n<p>O\u00a0<strong>G1<\/strong>\u00a0apurou que na casa onde foram encontrados nove mortos havia pelo menos 128 perfura\u00e7\u00f5es. Ap\u00f3s suspeitas levantadas por depoimentos ouvidos pela Defensoria P\u00fablica, que incluem relatos de execu\u00e7\u00e3o, tortura e mutila\u00e7\u00e3o dos corpos, a Pol\u00edcia Civil fez uma reconstitui\u00e7\u00e3o da a\u00e7\u00e3o.<\/p>\n\n\n\n<p><\/p>\n\n\n\n<p>G1<\/p>\n\n\n\n<p><br><\/p>\n\n\n\n<p><br><\/p>\n","protected":false},"excerpt":{"rendered":"<p>Treze pessoas morreram em tr\u00eas dias durante opera\u00e7\u00f5es policiais no Rio de Janeiro entre a \u00faltima sexta (3) e esta segunda-feira (7). Foram oito mortes&hellip; <\/p>\n","protected":false},"author":1,"featured_media":94088,"comment_status":"closed","ping_status":"closed","sticky":false,"template":"","format":"standard","meta":{"sfsi_plus_gutenberg_text_before_share":"","sfsi_plus_gutenberg_show_text_before_share":"","sfsi_plus_gutenberg_icon_type":"","sfsi_plus_gutenberg_icon_alignemt":"","sfsi_plus_gutenburg_max_per_row":"","footnotes":""},"categories":[50,12],"tags":[],"class_list":["post-94084","post","type-post","status-publish","format-standard","has-post-thumbnail","hentry","category-destaque","category-policia"],"_links":{"self":[{"href":"https:\/\/www.caririemacao.com\/1\/wp-json\/wp\/v2\/posts\/94084","targetHints":{"allow":["GET"]}}],"collection":[{"href":"https:\/\/www.caririemacao.com\/1\/wp-json\/wp\/v2\/posts"}],"about":[{"href":"https:\/\/www.caririemacao.com\/1\/wp-json\/wp\/v2\/types\/post"}],"author":[{"embeddable":true,"href":"https:\/\/www.caririemacao.com\/1\/wp-json\/wp\/v2\/users\/1"}],"replies":[{"embeddable":true,"href":"https:\/\/www.caririemacao.com\/1\/wp-json\/wp\/v2\/comments?post=94084"}],"version-history":[{"count":1,"href":"https:\/\/www.caririemacao.com\/1\/wp-json\/wp\/v2\/posts\/94084\/revisions"}],"predecessor-version":[{"id":94089,"href":"https:\/\/www.caririemacao.com\/1\/wp-json\/wp\/v2\/posts\/94084\/revisions\/94089"}],"wp:featuredmedia":[{"embeddable":true,"href":"https:\/\/www.caririemacao.com\/1\/wp-json\/wp\/v2\/media\/94088"}],"wp:attachment":[{"href":"https:\/\/www.caririemacao.com\/1\/wp-json\/wp\/v2\/media?parent=94084"}],"wp:term":[{"taxonomy":"category","embeddable":true,"href":"https:\/\/www.caririemacao.com\/1\/wp-json\/wp\/v2\/categories?post=94084"},{"taxonomy":"post_tag","embeddable":true,"href":"https:\/\/www.caririemacao.com\/1\/wp-json\/wp\/v2\/tags?post=94084"}],"curies":[{"name":"wp","href":"https:\/\/api.w.org\/{rel}","templated":true}]}}