{"id":94090,"date":"2019-05-07T08:26:21","date_gmt":"2019-05-07T11:26:21","guid":{"rendered":"http:\/\/www.caririemacao.com\/1\/?p=94090"},"modified":"2019-05-07T08:26:21","modified_gmt":"2019-05-07T11:26:21","slug":"cpnet-confirma-que-nao-estara-a-frente-da-venda-de-camarotes-para-o-sao-joao-2019-de-monteiro","status":"publish","type":"post","link":"https:\/\/www.caririemacao.com\/1\/2019\/05\/07\/cpnet-confirma-que-nao-estara-a-frente-da-venda-de-camarotes-para-o-sao-joao-2019-de-monteiro\/","title":{"rendered":"CPNET confirma que n\u00e3o estar\u00e1 a frente da venda de camarotes para o S\u00e3o Jo\u00e3o 2019 de Monteiro"},"content":{"rendered":"\n<p> A CPNET e a IRLAN FEST DECOR emitiram uma nota comunicando que em 2019 n\u00e3o estar\u00e3o coordenando a venda de camarotes ara o S\u00e3o Jo\u00e3o de Monteiro.<\/p>\n\n\n\n<p><br>Ao mesmo tempo, as empresas agradece toda a confian\u00e7a depositada nos \u00faltimos anos e convida os clientes para participarem de todos os festejos.<br>Confira a nota:<\/p>\n\n\n\n<p><br><strong>NOTA DE ESCLARECIMENTO<\/strong><\/p>\n\n\n\n<p><strong><br><\/strong><em>Viemos atrav\u00e9s desta informar a todos que esse ano as empresas, CPNET e IRLAN FESTDECOR\u00a0\u00a0n\u00e3o estar\u00e3o a frente dos camarotes e \u00e1rea vip do s\u00e3o Jo\u00e3o 2019 da cidade de Monteiro.<\/em><\/p>\n\n\n\n<p><em>Gostar\u00edamos de agradecer a todos que confiaram no nosso trabalho, que ajudaram, e que foram parceiros nossos.Trabalhamos para atender todos voc\u00eas da melhor forma poss\u00edvel. Aos amigos e clientes forrozeiros s\u00f3 temos a agradecer.E vamos dan\u00e7ar forr\u00f3 em Monteiro \u2013 Cidade do Forr\u00f3<\/em><\/p>\n\n\n\n<p><br>Att. Irlan e Irandy<\/p>\n\n\n\n<p><br><strong>F\u00c1BIO BRITO<\/strong><\/p>\n","protected":false},"excerpt":{"rendered":"<p>A CPNET e a IRLAN FEST DECOR emitiram uma nota comunicando que em 2019 n\u00e3o estar\u00e3o coordenando a venda de camarotes ara o S\u00e3o Jo\u00e3o&hellip; <\/p>\n","protected":false},"author":1,"featured_media":73550,"comment_status":"closed","ping_status":"closed","sticky":false,"template":"","format":"standard","meta":{"sfsi_plus_gutenberg_text_before_share":"","sfsi_plus_gutenberg_show_text_before_share":"","sfsi_plus_gutenberg_icon_type":"","sfsi_plus_gutenberg_icon_alignemt":"","sfsi_plus_gutenburg_max_per_row":"","footnotes":""},"categories":[6,50],"tags":[],"class_list":["post-94090","post","type-post","status-publish","format-standard","has-post-thumbnail","hentry","category-cidades","category-destaque"],"_links":{"self":[{"href":"https:\/\/www.caririemacao.com\/1\/wp-json\/wp\/v2\/posts\/94090","targetHints":{"allow":["GET"]}}],"collection":[{"href":"https:\/\/www.caririemacao.com\/1\/wp-json\/wp\/v2\/posts"}],"about":[{"href":"https:\/\/www.caririemacao.com\/1\/wp-json\/wp\/v2\/types\/post"}],"author":[{"embeddable":true,"href":"https:\/\/www.caririemacao.com\/1\/wp-json\/wp\/v2\/users\/1"}],"replies":[{"embeddable":true,"href":"https:\/\/www.caririemacao.com\/1\/wp-json\/wp\/v2\/comments?post=94090"}],"version-history":[{"count":1,"href":"https:\/\/www.caririemacao.com\/1\/wp-json\/wp\/v2\/posts\/94090\/revisions"}],"predecessor-version":[{"id":94091,"href":"https:\/\/www.caririemacao.com\/1\/wp-json\/wp\/v2\/posts\/94090\/revisions\/94091"}],"wp:featuredmedia":[{"embeddable":true,"href":"https:\/\/www.caririemacao.com\/1\/wp-json\/wp\/v2\/media\/73550"}],"wp:attachment":[{"href":"https:\/\/www.caririemacao.com\/1\/wp-json\/wp\/v2\/media?parent=94090"}],"wp:term":[{"taxonomy":"category","embeddable":true,"href":"https:\/\/www.caririemacao.com\/1\/wp-json\/wp\/v2\/categories?post=94090"},{"taxonomy":"post_tag","embeddable":true,"href":"https:\/\/www.caririemacao.com\/1\/wp-json\/wp\/v2\/tags?post=94090"}],"curies":[{"name":"wp","href":"https:\/\/api.w.org\/{rel}","templated":true}]}}